
{"id":19655,"date":"2018-03-12T20:04:35","date_gmt":"2018-03-12T20:04:35","guid":{"rendered":"https:\/\/www.lejournalduforkane.com\/?p=19655"},"modified":"2018-03-12T20:04:35","modified_gmt":"2018-03-12T20:04:35","slug":"violation-des-droits-de-lhomme-et-du-droit-international","status":"publish","type":"post","link":"https:\/\/www.lejournalduforkane.com\/index.php\/violation-des-droits-de-lhomme-et-du-droit-international\/","title":{"rendered":"Violation des droits de l&rsquo;homme et du droit international !"},"content":{"rendered":"<p><!--more--><\/p>\n<p>Regardez comment les soldats isra\u00e9liens agressent les ambulanciers palestiniens essayant d&rsquo;aider les jeunes bless\u00e9s qui ont \u00e9t\u00e9 abattus par les soldats.<\/p>\n<p><iframe loading=\"lazy\" src=\"\/\/rutube.ru\/play\/embed\/10995206\" width=\"620\" height=\"405\" frameborder=\"0\" allowfullscreen=\"allowfullscreen\"><\/iframe><\/p>\n","protected":false},"excerpt":{"rendered":"Regardez comment les soldats isra\u00e9liens agressent les ambulanciers palestiniens essayant d'aider les jeunes bless\u00e9s qui ont \u00e9t\u00e9 abattus par les soldats.","protected":false},"author":2,"featured_media":0,"comment_status":"closed","ping_status":"open","sticky":false,"template":"","format":"standard","meta":[],"categories":[49],"tags":[],"_links":{"self":[{"href":"https:\/\/www.lejournalduforkane.com\/index.php\/wp-json\/wp\/v2\/posts\/19655"}],"collection":[{"href":"https:\/\/www.lejournalduforkane.com\/index.php\/wp-json\/wp\/v2\/posts"}],"about":[{"href":"https:\/\/www.lejournalduforkane.com\/index.php\/wp-json\/wp\/v2\/types\/post"}],"author":[{"embeddable":true,"href":"https:\/\/www.lejournalduforkane.com\/index.php\/wp-json\/wp\/v2\/users\/2"}],"replies":[{"embeddable":true,"href":"https:\/\/www.lejournalduforkane.com\/index.php\/wp-json\/wp\/v2\/comments?post=19655"}],"version-history":[{"count":1,"href":"https:\/\/www.lejournalduforkane.com\/index.php\/wp-json\/wp\/v2\/posts\/19655\/revisions"}],"predecessor-version":[{"id":19657,"href":"https:\/\/www.lejournalduforkane.com\/index.php\/wp-json\/wp\/v2\/posts\/19655\/revisions\/19657"}],"wp:attachment":[{"href":"https:\/\/www.lejournalduforkane.com\/index.php\/wp-json\/wp\/v2\/media?parent=19655"}],"wp:term":[{"taxonomy":"category","embeddable":true,"href":"https:\/\/www.lejournalduforkane.com\/index.php\/wp-json\/wp\/v2\/categories?post=19655"},{"taxonomy":"post_tag","embeddable":true,"href":"https:\/\/www.lejournalduforkane.com\/index.php\/wp-json\/wp\/v2\/tags?post=19655"}],"curies":[{"name":"wp","href":"https:\/\/api.w.org\/{rel}","templated":true}]}}