
{"id":19661,"date":"2018-03-13T19:22:34","date_gmt":"2018-03-13T19:22:34","guid":{"rendered":"https:\/\/www.lejournalduforkane.com\/?p=19661"},"modified":"2018-03-13T19:22:34","modified_gmt":"2018-03-13T19:22:34","slug":"a-dublin-des-jeunes-ont-mis-en-scene-un-faux-checkpoint-sur-la-rue-commercante-la-plus-frequentee-de-la-capitale-pour-donner-aux-gens-un-apercu-de-la-peur-et-de-lhumiliation-quotidiennes-auxquel","status":"publish","type":"post","link":"https:\/\/www.lejournalduforkane.com\/index.php\/a-dublin-des-jeunes-ont-mis-en-scene-un-faux-checkpoint-sur-la-rue-commercante-la-plus-frequentee-de-la-capitale-pour-donner-aux-gens-un-apercu-de-la-peur-et-de-lhumiliation-quotidiennes-auxquel\/","title":{"rendered":"A Dublin des jeunes ont mis en sc\u00e8ne un \u00ab\u00a0faux checkpoint\u00a0\u00bb sur la rue commer\u00e7ante la plus fr\u00e9quent\u00e9e de la capitale pour donner aux gens un aper\u00e7u de la peur et de l&rsquo;humiliation quotidiennes auxquelles sont confront\u00e9s les palestiniens en Palestine occup\u00e9e"},"content":{"rendered":"<p><!--more--><\/p>\n<p>A Dublin des jeunes ont mis en sc\u00e8ne un \u00ab\u00a0faux checkpoint\u00a0\u00bb sur la rue commer\u00e7ante la plus fr\u00e9quent\u00e9e de la capitale pour donner aux gens un aper\u00e7u de la peur et de l&rsquo;humiliation quotidiennes auxquelles sont confront\u00e9s les palestiniens en Palestine occup\u00e9e.<\/p>\n<p>Cela montre bien que, malgr\u00e9 la propagande et la censure qui s\u00e9vissent, la Palestine restera toujours dans le c\u0153ur des gens de bien.<\/p>\n<p>Vive la R\u00e9sistance, vive la Palestine et bravo \u00e0 ces militants su\u00e9dois&#8230;<\/p>\n<p><iframe loading=\"lazy\" width=\"620\" height=\"405\" src=\"\/\/rutube.ru\/play\/embed\/10997573\" frameborder=\"0\" webkitAllowFullScreen mozallowfullscreen allowfullscreen><\/iframe><\/p>\n","protected":false},"excerpt":{"rendered":"A Dublin des jeunes ont mis en sc\u00e8ne un \"faux checkpoint\" sur la rue commer\u00e7ante la plus fr\u00e9quent\u00e9e de la capitale pour donner aux gens un aper\u00e7u de la peur","protected":false},"author":2,"featured_media":0,"comment_status":"closed","ping_status":"open","sticky":false,"template":"","format":"standard","meta":[],"categories":[49],"tags":[],"_links":{"self":[{"href":"https:\/\/www.lejournalduforkane.com\/index.php\/wp-json\/wp\/v2\/posts\/19661"}],"collection":[{"href":"https:\/\/www.lejournalduforkane.com\/index.php\/wp-json\/wp\/v2\/posts"}],"about":[{"href":"https:\/\/www.lejournalduforkane.com\/index.php\/wp-json\/wp\/v2\/types\/post"}],"author":[{"embeddable":true,"href":"https:\/\/www.lejournalduforkane.com\/index.php\/wp-json\/wp\/v2\/users\/2"}],"replies":[{"embeddable":true,"href":"https:\/\/www.lejournalduforkane.com\/index.php\/wp-json\/wp\/v2\/comments?post=19661"}],"version-history":[{"count":1,"href":"https:\/\/www.lejournalduforkane.com\/index.php\/wp-json\/wp\/v2\/posts\/19661\/revisions"}],"predecessor-version":[{"id":19663,"href":"https:\/\/www.lejournalduforkane.com\/index.php\/wp-json\/wp\/v2\/posts\/19661\/revisions\/19663"}],"wp:attachment":[{"href":"https:\/\/www.lejournalduforkane.com\/index.php\/wp-json\/wp\/v2\/media?parent=19661"}],"wp:term":[{"taxonomy":"category","embeddable":true,"href":"https:\/\/www.lejournalduforkane.com\/index.php\/wp-json\/wp\/v2\/categories?post=19661"},{"taxonomy":"post_tag","embeddable":true,"href":"https:\/\/www.lejournalduforkane.com\/index.php\/wp-json\/wp\/v2\/tags?post=19661"}],"curies":[{"name":"wp","href":"https:\/\/api.w.org\/{rel}","templated":true}]}}