
{"id":19674,"date":"2018-03-14T20:13:47","date_gmt":"2018-03-14T20:13:47","guid":{"rendered":"https:\/\/www.lejournalduforkane.com\/?p=19674"},"modified":"2018-03-14T20:13:47","modified_gmt":"2018-03-14T20:13:47","slug":"la-star-portugaise-du-real-de-madrid-adresse-un-message-de-soutien-aux-enfants-syriens","status":"publish","type":"post","link":"https:\/\/www.lejournalduforkane.com\/index.php\/la-star-portugaise-du-real-de-madrid-adresse-un-message-de-soutien-aux-enfants-syriens\/","title":{"rendered":"La star portugaise du R\u00e9al de Madrid adresse un message de soutien aux enfants syriens"},"content":{"rendered":"<p><!--more--><\/p>\n<p>La star portugaise du R\u00e9al de Madrid adresse un message de soutien aux enfants syriens : \u00ab\u00a0Sois fort. Aie la foi. Ne renonces jamais\u00a0\u00bb.<\/p>\n<p>En f\u00e9vrier dernier, la star portugaise avait affich\u00e9e son soutien aux Musulmans Rohingyas pers\u00e9cut\u00e9s par les moines bouddhistes et la jente birmane. <\/p>\n<p>Nous appr\u00e9cions fortement ce soutien aux enfants syriens, qui sont terroris\u00e9s et tu\u00e9s chaque jour par des terroristes salafistes dans la Ghouta orientale\u2026.<\/p>\n<p><iframe loading=\"lazy\" width=\"620\" height=\"405\" src=\"\/\/rutube.ru\/play\/embed\/10999918\" frameborder=\"0\" webkitAllowFullScreen mozallowfullscreen allowfullscreen><\/iframe><\/p>\n","protected":false},"excerpt":{"rendered":"La star portugaise du R\u00e9al de Madrid adresse un message de soutien aux enfants syriens : \"Sois fort. Aie la foi. Ne renonces jamais\". En f\u00e9vrier dernier, la star portugaise","protected":false},"author":2,"featured_media":0,"comment_status":"closed","ping_status":"open","sticky":false,"template":"","format":"standard","meta":[],"categories":[49],"tags":[],"_links":{"self":[{"href":"https:\/\/www.lejournalduforkane.com\/index.php\/wp-json\/wp\/v2\/posts\/19674"}],"collection":[{"href":"https:\/\/www.lejournalduforkane.com\/index.php\/wp-json\/wp\/v2\/posts"}],"about":[{"href":"https:\/\/www.lejournalduforkane.com\/index.php\/wp-json\/wp\/v2\/types\/post"}],"author":[{"embeddable":true,"href":"https:\/\/www.lejournalduforkane.com\/index.php\/wp-json\/wp\/v2\/users\/2"}],"replies":[{"embeddable":true,"href":"https:\/\/www.lejournalduforkane.com\/index.php\/wp-json\/wp\/v2\/comments?post=19674"}],"version-history":[{"count":1,"href":"https:\/\/www.lejournalduforkane.com\/index.php\/wp-json\/wp\/v2\/posts\/19674\/revisions"}],"predecessor-version":[{"id":19676,"href":"https:\/\/www.lejournalduforkane.com\/index.php\/wp-json\/wp\/v2\/posts\/19674\/revisions\/19676"}],"wp:attachment":[{"href":"https:\/\/www.lejournalduforkane.com\/index.php\/wp-json\/wp\/v2\/media?parent=19674"}],"wp:term":[{"taxonomy":"category","embeddable":true,"href":"https:\/\/www.lejournalduforkane.com\/index.php\/wp-json\/wp\/v2\/categories?post=19674"},{"taxonomy":"post_tag","embeddable":true,"href":"https:\/\/www.lejournalduforkane.com\/index.php\/wp-json\/wp\/v2\/tags?post=19674"}],"curies":[{"name":"wp","href":"https:\/\/api.w.org\/{rel}","templated":true}]}}