
{"id":19707,"date":"2018-03-18T20:02:52","date_gmt":"2018-03-18T20:02:52","guid":{"rendered":"https:\/\/www.lejournalduforkane.com\/?p=19707"},"modified":"2018-03-18T20:02:52","modified_gmt":"2018-03-18T20:02:52","slug":"les-pauvres-enfants-sont-les-plus-touches-par-la-guerre-au-yemen-la-guerre-la-faim-et-la-maladie-se-combinent-pour-creer-la-plus-grande-crise-humanitaire-au-monde","status":"publish","type":"post","link":"https:\/\/www.lejournalduforkane.com\/index.php\/les-pauvres-enfants-sont-les-plus-touches-par-la-guerre-au-yemen-la-guerre-la-faim-et-la-maladie-se-combinent-pour-creer-la-plus-grande-crise-humanitaire-au-monde\/","title":{"rendered":"Les pauvres enfants sont les plus touch\u00e9s par la guerre au Y\u00e9men, la guerre, la faim et la maladie se combinent pour cr\u00e9er la plus grande crise humanitaire au monde"},"content":{"rendered":"<p><!--more--><\/p>\n<p>Les pauvres enfants sont les plus touch\u00e9s par la guerre au Y\u00e9men, la guerre, la faim et la maladie se combinent pour cr\u00e9er la plus grande crise humanitaire au monde.<\/p>\n<p>Que fait le Conseil de s\u00e9curit\u00e9 pour ce qui se d\u00e9roule actuellement au Y\u00e9men ?<\/p>\n<p>Pourquoi ce silence arabe et occidental \u00e0 propos de ce qui se passe au Yemen<br \/>\n<iframe loading=\"lazy\" src=\"\/\/rutube.ru\/play\/embed\/11007812\" width=\"620\" height=\"405\" frameborder=\"0\" allowfullscreen=\"allowfullscreen\"><\/iframe><\/p>\n","protected":false},"excerpt":{"rendered":"Les pauvres enfants sont les plus touch\u00e9s par la guerre au Y\u00e9men, la guerre, la faim et la maladie se combinent pour cr\u00e9er la plus grande crise humanitaire au monde.","protected":false},"author":2,"featured_media":0,"comment_status":"closed","ping_status":"open","sticky":false,"template":"","format":"standard","meta":[],"categories":[49],"tags":[],"_links":{"self":[{"href":"https:\/\/www.lejournalduforkane.com\/index.php\/wp-json\/wp\/v2\/posts\/19707"}],"collection":[{"href":"https:\/\/www.lejournalduforkane.com\/index.php\/wp-json\/wp\/v2\/posts"}],"about":[{"href":"https:\/\/www.lejournalduforkane.com\/index.php\/wp-json\/wp\/v2\/types\/post"}],"author":[{"embeddable":true,"href":"https:\/\/www.lejournalduforkane.com\/index.php\/wp-json\/wp\/v2\/users\/2"}],"replies":[{"embeddable":true,"href":"https:\/\/www.lejournalduforkane.com\/index.php\/wp-json\/wp\/v2\/comments?post=19707"}],"version-history":[{"count":1,"href":"https:\/\/www.lejournalduforkane.com\/index.php\/wp-json\/wp\/v2\/posts\/19707\/revisions"}],"predecessor-version":[{"id":19722,"href":"https:\/\/www.lejournalduforkane.com\/index.php\/wp-json\/wp\/v2\/posts\/19707\/revisions\/19722"}],"wp:attachment":[{"href":"https:\/\/www.lejournalduforkane.com\/index.php\/wp-json\/wp\/v2\/media?parent=19707"}],"wp:term":[{"taxonomy":"category","embeddable":true,"href":"https:\/\/www.lejournalduforkane.com\/index.php\/wp-json\/wp\/v2\/categories?post=19707"},{"taxonomy":"post_tag","embeddable":true,"href":"https:\/\/www.lejournalduforkane.com\/index.php\/wp-json\/wp\/v2\/tags?post=19707"}],"curies":[{"name":"wp","href":"https:\/\/api.w.org\/{rel}","templated":true}]}}