
{"id":19727,"date":"2018-03-19T17:56:35","date_gmt":"2018-03-19T17:56:35","guid":{"rendered":"https:\/\/www.lejournalduforkane.com\/?p=19727"},"modified":"2018-03-19T17:56:35","modified_gmt":"2018-03-19T17:56:35","slug":"le-president-assad-avec-les-gens-de-la-gouta-orientale-qui-ont-ete-liberes-par-les-heros-de-larmee-arabe-syrienne-des-mains-des-terroristes","status":"publish","type":"post","link":"https:\/\/www.lejournalduforkane.com\/index.php\/le-president-assad-avec-les-gens-de-la-gouta-orientale-qui-ont-ete-liberes-par-les-heros-de-larmee-arabe-syrienne-des-mains-des-terroristes\/","title":{"rendered":"Le pr\u00e9sident Assad avec les gens de la Gouta Orientale qui ont \u00e9t\u00e9 lib\u00e9r\u00e9s par les h\u00e9ros de l&rsquo;Arm\u00e9e Arabe Syrienne des mains des terroristes"},"content":{"rendered":"<p><!--more--><\/p>\n<p><iframe loading=\"lazy\" width=\"620\" height=\"405\" src=\"\/\/rutube.ru\/play\/embed\/11009494\" frameborder=\"0\" webkitAllowFullScreen mozallowfullscreen allowfullscreen><\/iframe><\/p>\n","protected":false},"excerpt":{"rendered":"","protected":false},"author":2,"featured_media":0,"comment_status":"closed","ping_status":"open","sticky":false,"template":"","format":"standard","meta":[],"categories":[49],"tags":[],"_links":{"self":[{"href":"https:\/\/www.lejournalduforkane.com\/index.php\/wp-json\/wp\/v2\/posts\/19727"}],"collection":[{"href":"https:\/\/www.lejournalduforkane.com\/index.php\/wp-json\/wp\/v2\/posts"}],"about":[{"href":"https:\/\/www.lejournalduforkane.com\/index.php\/wp-json\/wp\/v2\/types\/post"}],"author":[{"embeddable":true,"href":"https:\/\/www.lejournalduforkane.com\/index.php\/wp-json\/wp\/v2\/users\/2"}],"replies":[{"embeddable":true,"href":"https:\/\/www.lejournalduforkane.com\/index.php\/wp-json\/wp\/v2\/comments?post=19727"}],"version-history":[{"count":1,"href":"https:\/\/www.lejournalduforkane.com\/index.php\/wp-json\/wp\/v2\/posts\/19727\/revisions"}],"predecessor-version":[{"id":19729,"href":"https:\/\/www.lejournalduforkane.com\/index.php\/wp-json\/wp\/v2\/posts\/19727\/revisions\/19729"}],"wp:attachment":[{"href":"https:\/\/www.lejournalduforkane.com\/index.php\/wp-json\/wp\/v2\/media?parent=19727"}],"wp:term":[{"taxonomy":"category","embeddable":true,"href":"https:\/\/www.lejournalduforkane.com\/index.php\/wp-json\/wp\/v2\/categories?post=19727"},{"taxonomy":"post_tag","embeddable":true,"href":"https:\/\/www.lejournalduforkane.com\/index.php\/wp-json\/wp\/v2\/tags?post=19727"}],"curies":[{"name":"wp","href":"https:\/\/api.w.org\/{rel}","templated":true}]}}