
{"id":19730,"date":"2018-03-19T18:18:20","date_gmt":"2018-03-19T18:18:20","guid":{"rendered":"https:\/\/www.lejournalduforkane.com\/?p=19730"},"modified":"2018-03-19T18:18:41","modified_gmt":"2018-03-19T18:18:41","slug":"la-palestine-est-le-centre-des-preoccupations-de-tout-le-monde","status":"publish","type":"post","link":"https:\/\/www.lejournalduforkane.com\/index.php\/la-palestine-est-le-centre-des-preoccupations-de-tout-le-monde\/","title":{"rendered":"La Palestine est le centre des pr\u00e9occupations de tout le monde !"},"content":{"rendered":"<p><!--more--><\/p>\n<p>La Palestine est le centre des pr\u00e9occupations de tout le monde ! Elle est la cl\u00e9 de la paix et de la stabilit\u00e9 mondiales<\/p>\n<p><iframe loading=\"lazy\" width=\"620\" height=\"405\" src=\"\/\/rutube.ru\/play\/embed\/11009514\" frameborder=\"0\" webkitAllowFullScreen mozallowfullscreen allowfullscreen><\/iframe><\/p>\n","protected":false},"excerpt":{"rendered":"La Palestine est le centre des pr\u00e9occupations de tout le monde ! Elle est la cl\u00e9 de la paix et de la stabilit\u00e9 mondiales","protected":false},"author":2,"featured_media":0,"comment_status":"closed","ping_status":"open","sticky":false,"template":"","format":"standard","meta":[],"categories":[49],"tags":[],"_links":{"self":[{"href":"https:\/\/www.lejournalduforkane.com\/index.php\/wp-json\/wp\/v2\/posts\/19730"}],"collection":[{"href":"https:\/\/www.lejournalduforkane.com\/index.php\/wp-json\/wp\/v2\/posts"}],"about":[{"href":"https:\/\/www.lejournalduforkane.com\/index.php\/wp-json\/wp\/v2\/types\/post"}],"author":[{"embeddable":true,"href":"https:\/\/www.lejournalduforkane.com\/index.php\/wp-json\/wp\/v2\/users\/2"}],"replies":[{"embeddable":true,"href":"https:\/\/www.lejournalduforkane.com\/index.php\/wp-json\/wp\/v2\/comments?post=19730"}],"version-history":[{"count":2,"href":"https:\/\/www.lejournalduforkane.com\/index.php\/wp-json\/wp\/v2\/posts\/19730\/revisions"}],"predecessor-version":[{"id":19733,"href":"https:\/\/www.lejournalduforkane.com\/index.php\/wp-json\/wp\/v2\/posts\/19730\/revisions\/19733"}],"wp:attachment":[{"href":"https:\/\/www.lejournalduforkane.com\/index.php\/wp-json\/wp\/v2\/media?parent=19730"}],"wp:term":[{"taxonomy":"category","embeddable":true,"href":"https:\/\/www.lejournalduforkane.com\/index.php\/wp-json\/wp\/v2\/categories?post=19730"},{"taxonomy":"post_tag","embeddable":true,"href":"https:\/\/www.lejournalduforkane.com\/index.php\/wp-json\/wp\/v2\/tags?post=19730"}],"curies":[{"name":"wp","href":"https:\/\/api.w.org\/{rel}","templated":true}]}}