
{"id":19758,"date":"2018-03-22T21:51:08","date_gmt":"2018-03-22T21:51:08","guid":{"rendered":"https:\/\/www.lejournalduforkane.com\/?p=19758"},"modified":"2018-03-22T21:51:08","modified_gmt":"2018-03-22T21:51:08","slug":"cette-video-montre-une-partie-des-souffrances-quotidiennes-que-subissent-les-etudiants-et-les-residents-du-village-dal-tuwaneh","status":"publish","type":"post","link":"https:\/\/www.lejournalduforkane.com\/index.php\/cette-video-montre-une-partie-des-souffrances-quotidiennes-que-subissent-les-etudiants-et-les-residents-du-village-dal-tuwaneh\/","title":{"rendered":"Cette vid\u00e9o montre une partie des souffrances quotidiennes que subissent les \u00e9tudiants et les r\u00e9sidents du village d&rsquo;Al-Tuwaneh"},"content":{"rendered":"<p><!--more--><\/p>\n<p>Cette vid\u00e9o montre une partie des souffrances quotidiennes que subissent les \u00e9tudiants et les r\u00e9sidents du village d&rsquo;Al-Tuwaneh, au sud d&rsquo;Al Kahalil en Cisjordanie occup\u00e9e.<\/p>\n<p>Ils sont harcel\u00e9s quotidiennement par les colons et les forces doccupations.<\/p>\n<p><iframe loading=\"lazy\" width=\"620\" height=\"405\" src=\"\/\/rutube.ru\/play\/embed\/11016079\" frameborder=\"0\" webkitAllowFullScreen mozallowfullscreen allowfullscreen><\/iframe><\/p>\n","protected":false},"excerpt":{"rendered":"Cette vid\u00e9o montre une partie des souffrances quotidiennes que subissent les \u00e9tudiants et les r\u00e9sidents du village d'Al-Tuwaneh, au sud d'Al Kahalil en Cisjordanie occup\u00e9e. Ils sont harcel\u00e9s quotidiennement par","protected":false},"author":2,"featured_media":0,"comment_status":"closed","ping_status":"open","sticky":false,"template":"","format":"standard","meta":[],"categories":[49],"tags":[],"_links":{"self":[{"href":"https:\/\/www.lejournalduforkane.com\/index.php\/wp-json\/wp\/v2\/posts\/19758"}],"collection":[{"href":"https:\/\/www.lejournalduforkane.com\/index.php\/wp-json\/wp\/v2\/posts"}],"about":[{"href":"https:\/\/www.lejournalduforkane.com\/index.php\/wp-json\/wp\/v2\/types\/post"}],"author":[{"embeddable":true,"href":"https:\/\/www.lejournalduforkane.com\/index.php\/wp-json\/wp\/v2\/users\/2"}],"replies":[{"embeddable":true,"href":"https:\/\/www.lejournalduforkane.com\/index.php\/wp-json\/wp\/v2\/comments?post=19758"}],"version-history":[{"count":1,"href":"https:\/\/www.lejournalduforkane.com\/index.php\/wp-json\/wp\/v2\/posts\/19758\/revisions"}],"predecessor-version":[{"id":19760,"href":"https:\/\/www.lejournalduforkane.com\/index.php\/wp-json\/wp\/v2\/posts\/19758\/revisions\/19760"}],"wp:attachment":[{"href":"https:\/\/www.lejournalduforkane.com\/index.php\/wp-json\/wp\/v2\/media?parent=19758"}],"wp:term":[{"taxonomy":"category","embeddable":true,"href":"https:\/\/www.lejournalduforkane.com\/index.php\/wp-json\/wp\/v2\/categories?post=19758"},{"taxonomy":"post_tag","embeddable":true,"href":"https:\/\/www.lejournalduforkane.com\/index.php\/wp-json\/wp\/v2\/tags?post=19758"}],"curies":[{"name":"wp","href":"https:\/\/api.w.org\/{rel}","templated":true}]}}