
{"id":19775,"date":"2018-03-24T16:15:50","date_gmt":"2018-03-24T16:15:50","guid":{"rendered":"https:\/\/www.lejournalduforkane.com\/?p=19775"},"modified":"2018-03-25T16:29:52","modified_gmt":"2018-03-25T16:29:52","slug":"larmee-arabe-syrienne-libere-ayn-tarma-ville-cle-dans-la-ghouta-orientale","status":"publish","type":"post","link":"https:\/\/www.lejournalduforkane.com\/index.php\/larmee-arabe-syrienne-libere-ayn-tarma-ville-cle-dans-la-ghouta-orientale\/","title":{"rendered":"L&rsquo;Arm\u00e9e Arabe Syrienne lib\u00e8re Ayn Tarma, ville cl\u00e9 dans la Ghouta orientale"},"content":{"rendered":"<p style=\"text-align: justify;\"><!--more-->L&rsquo;Arm\u00e9e Arabe Syrienne lib\u00e8re Ayn Tarma, ville cl\u00e9 dans la Ghouta orientale<\/p>\n<p style=\"text-align: justify;\">Regarder les r\u00e9actions des r\u00e9sidents. \u00a0\u00bb Que Dieu b\u00e9nisse l&rsquo;arm\u00e9e, la Syrie et Bachar \u00ab\u00a0.<\/p>\n<p><iframe loading=\"lazy\" src=\"\/\/rutube.ru\/play\/embed\/11021750\" width=\"620\" height=\"405\" frameborder=\"0\" allowfullscreen=\"allowfullscreen\"><\/iframe><\/p>\n","protected":false},"excerpt":{"rendered":"L'Arm\u00e9e Arabe Syrienne lib\u00e8re Ayn Tarma, ville cl\u00e9 dans la Ghouta orientale Regarder les r\u00e9actions des r\u00e9sidents. \" Que Dieu b\u00e9nisse l'arm\u00e9e, la Syrie et Bachar \".","protected":false},"author":2,"featured_media":0,"comment_status":"closed","ping_status":"open","sticky":false,"template":"","format":"standard","meta":[],"categories":[49],"tags":[],"_links":{"self":[{"href":"https:\/\/www.lejournalduforkane.com\/index.php\/wp-json\/wp\/v2\/posts\/19775"}],"collection":[{"href":"https:\/\/www.lejournalduforkane.com\/index.php\/wp-json\/wp\/v2\/posts"}],"about":[{"href":"https:\/\/www.lejournalduforkane.com\/index.php\/wp-json\/wp\/v2\/types\/post"}],"author":[{"embeddable":true,"href":"https:\/\/www.lejournalduforkane.com\/index.php\/wp-json\/wp\/v2\/users\/2"}],"replies":[{"embeddable":true,"href":"https:\/\/www.lejournalduforkane.com\/index.php\/wp-json\/wp\/v2\/comments?post=19775"}],"version-history":[{"count":1,"href":"https:\/\/www.lejournalduforkane.com\/index.php\/wp-json\/wp\/v2\/posts\/19775\/revisions"}],"predecessor-version":[{"id":19783,"href":"https:\/\/www.lejournalduforkane.com\/index.php\/wp-json\/wp\/v2\/posts\/19775\/revisions\/19783"}],"wp:attachment":[{"href":"https:\/\/www.lejournalduforkane.com\/index.php\/wp-json\/wp\/v2\/media?parent=19775"}],"wp:term":[{"taxonomy":"category","embeddable":true,"href":"https:\/\/www.lejournalduforkane.com\/index.php\/wp-json\/wp\/v2\/categories?post=19775"},{"taxonomy":"post_tag","embeddable":true,"href":"https:\/\/www.lejournalduforkane.com\/index.php\/wp-json\/wp\/v2\/tags?post=19775"}],"curies":[{"name":"wp","href":"https:\/\/api.w.org\/{rel}","templated":true}]}}