
{"id":19810,"date":"2018-03-26T19:50:13","date_gmt":"2018-03-26T19:50:13","guid":{"rendered":"https:\/\/www.lejournalduforkane.com\/?p=19810"},"modified":"2018-03-26T19:50:13","modified_gmt":"2018-03-26T19:50:13","slug":"les-missiles-balistiques-yemenites-touchent-ses-cibles-en-arabie-saoudite","status":"publish","type":"post","link":"https:\/\/www.lejournalduforkane.com\/index.php\/les-missiles-balistiques-yemenites-touchent-ses-cibles-en-arabie-saoudite\/","title":{"rendered":"Les missiles balistiques y\u00e9m\u00e9nites touchent ses cibles en Arabie Saoudite"},"content":{"rendered":"<p><!--more--><\/p>\n<p style=\"text-align: justify;\">Les missiles balistiques y\u00e9m\u00e9nites touchent ses cibles en Arabie Saoudite plus pr\u00e9cis\u00e9ment \u00e0 Riyadh, Najran, Assira et Jizan.<\/p>\n<p style=\"text-align: justify;\">Les missiles ont touch\u00e9s 4 a\u00e9roport, ceux du King Khaled Airport \u00e0 Riyadh, Abha Regional Airport, Najran Airport et Jizan Airport.<\/p>\n<p style=\"text-align: justify;\"><strong>VIVE LA RESISTANCE YEMENITE<\/strong><\/p>\n<p><iframe loading=\"lazy\" src=\"\/\/rutube.ru\/play\/embed\/11024191\" width=\"620\" height=\"405\" frameborder=\"0\" allowfullscreen=\"allowfullscreen\"><\/iframe><\/p>\n","protected":false},"excerpt":{"rendered":"Les missiles balistiques y\u00e9m\u00e9nites touchent ses cibles en Arabie Saoudite plus pr\u00e9cis\u00e9ment \u00e0 Riyadh, Najran, Assira et Jizan. Les missiles ont touch\u00e9s 4 a\u00e9roport, ceux du King Khaled Airport \u00e0","protected":false},"author":2,"featured_media":0,"comment_status":"closed","ping_status":"open","sticky":false,"template":"","format":"standard","meta":[],"categories":[49],"tags":[],"_links":{"self":[{"href":"https:\/\/www.lejournalduforkane.com\/index.php\/wp-json\/wp\/v2\/posts\/19810"}],"collection":[{"href":"https:\/\/www.lejournalduforkane.com\/index.php\/wp-json\/wp\/v2\/posts"}],"about":[{"href":"https:\/\/www.lejournalduforkane.com\/index.php\/wp-json\/wp\/v2\/types\/post"}],"author":[{"embeddable":true,"href":"https:\/\/www.lejournalduforkane.com\/index.php\/wp-json\/wp\/v2\/users\/2"}],"replies":[{"embeddable":true,"href":"https:\/\/www.lejournalduforkane.com\/index.php\/wp-json\/wp\/v2\/comments?post=19810"}],"version-history":[{"count":1,"href":"https:\/\/www.lejournalduforkane.com\/index.php\/wp-json\/wp\/v2\/posts\/19810\/revisions"}],"predecessor-version":[{"id":19812,"href":"https:\/\/www.lejournalduforkane.com\/index.php\/wp-json\/wp\/v2\/posts\/19810\/revisions\/19812"}],"wp:attachment":[{"href":"https:\/\/www.lejournalduforkane.com\/index.php\/wp-json\/wp\/v2\/media?parent=19810"}],"wp:term":[{"taxonomy":"category","embeddable":true,"href":"https:\/\/www.lejournalduforkane.com\/index.php\/wp-json\/wp\/v2\/categories?post=19810"},{"taxonomy":"post_tag","embeddable":true,"href":"https:\/\/www.lejournalduforkane.com\/index.php\/wp-json\/wp\/v2\/tags?post=19810"}],"curies":[{"name":"wp","href":"https:\/\/api.w.org\/{rel}","templated":true}]}}