
{"id":19813,"date":"2018-03-26T19:52:57","date_gmt":"2018-03-26T19:52:57","guid":{"rendered":"https:\/\/www.lejournalduforkane.com\/?p=19813"},"modified":"2018-03-26T19:52:57","modified_gmt":"2018-03-26T19:52:57","slug":"notre-peuple-dit-au-peuple-du-bahrein-tu-es-toujours-present-et-nous-sommes-avec-vous-et-a-vos-cotes","status":"publish","type":"post","link":"https:\/\/www.lejournalduforkane.com\/index.php\/notre-peuple-dit-au-peuple-du-bahrein-tu-es-toujours-present-et-nous-sommes-avec-vous-et-a-vos-cotes\/","title":{"rendered":"\u00a0\u00bb Notre peuple dit au peuple du Bahre\u00efn \u00ab\u00a0tu es toujours pr\u00e9sent.. et nous sommes avec vous et \u00e0 vos cot\u00e9s..\u00a0\u00bb"},"content":{"rendered":"<p><!--more--><\/p>\n<div class=\"_h8t\">\n<div class=\"_5wd9 direction_ltr\">\n<div class=\"_5wde _n4o\">\n<div class=\"_5w1r _3_om _5wdf\">\n<div class=\"_4gx_\">\n<div class=\"_d97\"><span class=\"_5yl5\">Abdul-Malik al-Houthi (chef d&rsquo;AnsarAllah) apporte son soutien au Bahre\u00efnis : \u00a0\u00bb Notre peuple dit au peuple du Bahre\u00efn \u00ab\u00a0tu es toujours pr\u00e9sent.. et nous sommes avec vous et \u00e0 vos cot\u00e9s..\u00a0\u00bb<\/span><\/div>\n<\/div>\n<p><iframe loading=\"lazy\" src=\"https:\/\/www.youtube.com\/embed\/Xd3JBihLkj0\" width=\"560\" height=\"315\" frameborder=\"0\" allowfullscreen=\"allowfullscreen\"><\/iframe><\/p>\n<\/div>\n<\/div>\n<\/div>\n<\/div>\n","protected":false},"excerpt":{"rendered":"Abdul-Malik al-Houthi (chef d'AnsarAllah) apporte son soutien au Bahre\u00efnis : \" Notre peuple dit au peuple du Bahre\u00efn \"tu es toujours pr\u00e9sent.. et nous sommes avec vous et \u00e0 vos","protected":false},"author":2,"featured_media":0,"comment_status":"closed","ping_status":"open","sticky":false,"template":"","format":"standard","meta":[],"categories":[49],"tags":[],"_links":{"self":[{"href":"https:\/\/www.lejournalduforkane.com\/index.php\/wp-json\/wp\/v2\/posts\/19813"}],"collection":[{"href":"https:\/\/www.lejournalduforkane.com\/index.php\/wp-json\/wp\/v2\/posts"}],"about":[{"href":"https:\/\/www.lejournalduforkane.com\/index.php\/wp-json\/wp\/v2\/types\/post"}],"author":[{"embeddable":true,"href":"https:\/\/www.lejournalduforkane.com\/index.php\/wp-json\/wp\/v2\/users\/2"}],"replies":[{"embeddable":true,"href":"https:\/\/www.lejournalduforkane.com\/index.php\/wp-json\/wp\/v2\/comments?post=19813"}],"version-history":[{"count":1,"href":"https:\/\/www.lejournalduforkane.com\/index.php\/wp-json\/wp\/v2\/posts\/19813\/revisions"}],"predecessor-version":[{"id":19815,"href":"https:\/\/www.lejournalduforkane.com\/index.php\/wp-json\/wp\/v2\/posts\/19813\/revisions\/19815"}],"wp:attachment":[{"href":"https:\/\/www.lejournalduforkane.com\/index.php\/wp-json\/wp\/v2\/media?parent=19813"}],"wp:term":[{"taxonomy":"category","embeddable":true,"href":"https:\/\/www.lejournalduforkane.com\/index.php\/wp-json\/wp\/v2\/categories?post=19813"},{"taxonomy":"post_tag","embeddable":true,"href":"https:\/\/www.lejournalduforkane.com\/index.php\/wp-json\/wp\/v2\/tags?post=19813"}],"curies":[{"name":"wp","href":"https:\/\/api.w.org\/{rel}","templated":true}]}}