
{"id":19816,"date":"2018-03-28T18:57:50","date_gmt":"2018-03-28T18:57:50","guid":{"rendered":"https:\/\/www.lejournalduforkane.com\/?p=19816"},"modified":"2018-03-28T19:00:08","modified_gmt":"2018-03-28T19:00:08","slug":"les-israeliens-attaquent-des-chretiens-palestiniens-venus-de-celebrer-le-dimanche-des-rameaux-a-jerusalem","status":"publish","type":"post","link":"https:\/\/www.lejournalduforkane.com\/index.php\/les-israeliens-attaquent-des-chretiens-palestiniens-venus-de-celebrer-le-dimanche-des-rameaux-a-jerusalem\/","title":{"rendered":"Les Isra\u00e9liens attaquent des chr\u00e9tiens palestiniens venus de c\u00e9l\u00e9brer le Dimanche des Rameaux \u00e0 J\u00e9rusalem"},"content":{"rendered":"<p><!--more--><\/p>\n<p><iframe loading=\"lazy\" width=\"620\" height=\"405\" src=\"\/\/rutube.ru\/play\/embed\/11029713\" frameborder=\"0\" webkitAllowFullScreen mozallowfullscreen allowfullscreen><\/iframe><\/p>\n","protected":false},"excerpt":{"rendered":"","protected":false},"author":2,"featured_media":0,"comment_status":"closed","ping_status":"open","sticky":false,"template":"","format":"standard","meta":[],"categories":[49],"tags":[],"_links":{"self":[{"href":"https:\/\/www.lejournalduforkane.com\/index.php\/wp-json\/wp\/v2\/posts\/19816"}],"collection":[{"href":"https:\/\/www.lejournalduforkane.com\/index.php\/wp-json\/wp\/v2\/posts"}],"about":[{"href":"https:\/\/www.lejournalduforkane.com\/index.php\/wp-json\/wp\/v2\/types\/post"}],"author":[{"embeddable":true,"href":"https:\/\/www.lejournalduforkane.com\/index.php\/wp-json\/wp\/v2\/users\/2"}],"replies":[{"embeddable":true,"href":"https:\/\/www.lejournalduforkane.com\/index.php\/wp-json\/wp\/v2\/comments?post=19816"}],"version-history":[{"count":2,"href":"https:\/\/www.lejournalduforkane.com\/index.php\/wp-json\/wp\/v2\/posts\/19816\/revisions"}],"predecessor-version":[{"id":19820,"href":"https:\/\/www.lejournalduforkane.com\/index.php\/wp-json\/wp\/v2\/posts\/19816\/revisions\/19820"}],"wp:attachment":[{"href":"https:\/\/www.lejournalduforkane.com\/index.php\/wp-json\/wp\/v2\/media?parent=19816"}],"wp:term":[{"taxonomy":"category","embeddable":true,"href":"https:\/\/www.lejournalduforkane.com\/index.php\/wp-json\/wp\/v2\/categories?post=19816"},{"taxonomy":"post_tag","embeddable":true,"href":"https:\/\/www.lejournalduforkane.com\/index.php\/wp-json\/wp\/v2\/tags?post=19816"}],"curies":[{"name":"wp","href":"https:\/\/api.w.org\/{rel}","templated":true}]}}