
{"id":19829,"date":"2018-03-28T19:08:59","date_gmt":"2018-03-28T19:08:59","guid":{"rendered":"https:\/\/www.lejournalduforkane.com\/?p=19829"},"modified":"2018-03-28T19:08:59","modified_gmt":"2018-03-28T19:08:59","slug":"nathalie-arthaud-les-puissances-imperialistes-sont-responsables-du-terrorisme","status":"publish","type":"post","link":"https:\/\/www.lejournalduforkane.com\/index.php\/nathalie-arthaud-les-puissances-imperialistes-sont-responsables-du-terrorisme\/","title":{"rendered":"Nathalie Arthaud : \u00ab les puissances imp\u00e9rialistes sont responsables du terrorisme \u00bb"},"content":{"rendered":"<p><!--more--><\/p>\n<p>Nathalie Arthaud : \u00ab les puissances imp\u00e9rialistes sont responsables du terrorisme \u00bb<\/p>\n<p>C&rsquo;est la candidate de Lutte Ouvri\u00e8re \u00e0 l\u2019\u00e9lection pr\u00e9sidentielle qui le dit. Rien \u00e0 ajouter de plus.<\/p>\n<p><iframe loading=\"lazy\" width=\"620\" height=\"405\" src=\"\/\/rutube.ru\/play\/embed\/11029755\" frameborder=\"0\" webkitAllowFullScreen mozallowfullscreen allowfullscreen><\/iframe><\/p>\n","protected":false},"excerpt":{"rendered":"Nathalie Arthaud : \u00ab les puissances imp\u00e9rialistes sont responsables du terrorisme \u00bb C'est la candidate de Lutte Ouvri\u00e8re \u00e0 l\u2019\u00e9lection pr\u00e9sidentielle qui le dit. Rien \u00e0 ajouter de plus.","protected":false},"author":2,"featured_media":0,"comment_status":"closed","ping_status":"open","sticky":false,"template":"","format":"standard","meta":[],"categories":[49],"tags":[],"_links":{"self":[{"href":"https:\/\/www.lejournalduforkane.com\/index.php\/wp-json\/wp\/v2\/posts\/19829"}],"collection":[{"href":"https:\/\/www.lejournalduforkane.com\/index.php\/wp-json\/wp\/v2\/posts"}],"about":[{"href":"https:\/\/www.lejournalduforkane.com\/index.php\/wp-json\/wp\/v2\/types\/post"}],"author":[{"embeddable":true,"href":"https:\/\/www.lejournalduforkane.com\/index.php\/wp-json\/wp\/v2\/users\/2"}],"replies":[{"embeddable":true,"href":"https:\/\/www.lejournalduforkane.com\/index.php\/wp-json\/wp\/v2\/comments?post=19829"}],"version-history":[{"count":1,"href":"https:\/\/www.lejournalduforkane.com\/index.php\/wp-json\/wp\/v2\/posts\/19829\/revisions"}],"predecessor-version":[{"id":19831,"href":"https:\/\/www.lejournalduforkane.com\/index.php\/wp-json\/wp\/v2\/posts\/19829\/revisions\/19831"}],"wp:attachment":[{"href":"https:\/\/www.lejournalduforkane.com\/index.php\/wp-json\/wp\/v2\/media?parent=19829"}],"wp:term":[{"taxonomy":"category","embeddable":true,"href":"https:\/\/www.lejournalduforkane.com\/index.php\/wp-json\/wp\/v2\/categories?post=19829"},{"taxonomy":"post_tag","embeddable":true,"href":"https:\/\/www.lejournalduforkane.com\/index.php\/wp-json\/wp\/v2\/tags?post=19829"}],"curies":[{"name":"wp","href":"https:\/\/api.w.org\/{rel}","templated":true}]}}