
{"id":19838,"date":"2018-03-28T19:38:25","date_gmt":"2018-03-28T19:38:25","guid":{"rendered":"https:\/\/www.lejournalduforkane.com\/?p=19838"},"modified":"2018-03-28T19:38:25","modified_gmt":"2018-03-28T19:38:25","slug":"voici-robert-van-noreen-un-activiste-pro-palestinien","status":"publish","type":"post","link":"https:\/\/www.lejournalduforkane.com\/index.php\/voici-robert-van-noreen-un-activiste-pro-palestinien\/","title":{"rendered":"Voici Robert Van Noreen, un activiste pro-palestinien"},"content":{"rendered":"<p><!--more--><\/p>\n<div id=\"js_49\" class=\"_5pbx userContent _3576\" data-ft=\"{&quot;tn&quot;:&quot;K&quot;}\">\n<p style=\"text-align: justify;\">Voici Robert Van Noreen, un activiste pro-palestinien, il vient chaque semaine \u00e0 la place Dam \u00e0 Amsterdam, aux Pays-bas, pour faire d\u00e9noncer l&rsquo;occupation isra\u00e9lienne et soutenir la Palestine.<\/p>\n<\/div>\n<div class=\"_3x-2\" style=\"text-align: justify;\" data-ft=\"{&quot;tn&quot;:&quot;H&quot;}\"><\/div>\n<p><iframe loading=\"lazy\" width=\"620\" height=\"405\" src=\"\/\/rutube.ru\/play\/embed\/11029825\" frameborder=\"0\" webkitAllowFullScreen mozallowfullscreen allowfullscreen><\/iframe><\/p>\n","protected":false},"excerpt":{"rendered":"Voici Robert Van Noreen, un activiste pro-palestinien, il vient chaque semaine \u00e0 la place Dam \u00e0 Amsterdam, aux Pays-bas, pour faire d\u00e9noncer l'occupation isra\u00e9lienne et soutenir la Palestine.","protected":false},"author":2,"featured_media":0,"comment_status":"closed","ping_status":"open","sticky":false,"template":"","format":"standard","meta":[],"categories":[49],"tags":[],"_links":{"self":[{"href":"https:\/\/www.lejournalduforkane.com\/index.php\/wp-json\/wp\/v2\/posts\/19838"}],"collection":[{"href":"https:\/\/www.lejournalduforkane.com\/index.php\/wp-json\/wp\/v2\/posts"}],"about":[{"href":"https:\/\/www.lejournalduforkane.com\/index.php\/wp-json\/wp\/v2\/types\/post"}],"author":[{"embeddable":true,"href":"https:\/\/www.lejournalduforkane.com\/index.php\/wp-json\/wp\/v2\/users\/2"}],"replies":[{"embeddable":true,"href":"https:\/\/www.lejournalduforkane.com\/index.php\/wp-json\/wp\/v2\/comments?post=19838"}],"version-history":[{"count":1,"href":"https:\/\/www.lejournalduforkane.com\/index.php\/wp-json\/wp\/v2\/posts\/19838\/revisions"}],"predecessor-version":[{"id":19840,"href":"https:\/\/www.lejournalduforkane.com\/index.php\/wp-json\/wp\/v2\/posts\/19838\/revisions\/19840"}],"wp:attachment":[{"href":"https:\/\/www.lejournalduforkane.com\/index.php\/wp-json\/wp\/v2\/media?parent=19838"}],"wp:term":[{"taxonomy":"category","embeddable":true,"href":"https:\/\/www.lejournalduforkane.com\/index.php\/wp-json\/wp\/v2\/categories?post=19838"},{"taxonomy":"post_tag","embeddable":true,"href":"https:\/\/www.lejournalduforkane.com\/index.php\/wp-json\/wp\/v2\/tags?post=19838"}],"curies":[{"name":"wp","href":"https:\/\/api.w.org\/{rel}","templated":true}]}}