
{"id":19842,"date":"2018-04-02T19:37:12","date_gmt":"2018-04-02T19:37:12","guid":{"rendered":"https:\/\/www.lejournalduforkane.com\/?p=19842"},"modified":"2018-04-02T19:37:12","modified_gmt":"2018-04-02T19:37:12","slug":"le-plan-des-commanditaires-du-terrorisme-pour-presenter-les-groupes-takfirien-tant-que-rebelles-moderes-a-echoue","status":"publish","type":"post","link":"https:\/\/www.lejournalduforkane.com\/index.php\/le-plan-des-commanditaires-du-terrorisme-pour-presenter-les-groupes-takfirien-tant-que-rebelles-moderes-a-echoue\/","title":{"rendered":"Le plan des commanditaires du terrorisme pour pr\u00e9senter les groupes takfirien tant que rebelles mod\u00e9r\u00e9s, a \u00e9chou\u00e9"},"content":{"rendered":"<p><!--more--><\/p>\n<p style=\"text-align: justify;\">Le repr\u00e9sentant syrien \u00e0 l&rsquo;Onu, Bachar Jaafari : \u00a0\u00bb le plan des commanditaires du terrorisme (\u00c9tats-Unis, Royaume-Uni, France, Turquie, Qatar, Arabie Saoudite &amp; Isra\u00ebl) pour pr\u00e9senter les groupes takfiri (responsables des souffrances du peuple syrien) en tant que rebelles mod\u00e9r\u00e9s, a \u00e9chou\u00e9 \u00ab\u00a0.<\/p>\n<p><iframe loading=\"lazy\" src=\"\/\/rutube.ru\/play\/embed\/11041117\" width=\"620\" height=\"405\" frameborder=\"0\" allowfullscreen=\"allowfullscreen\"><\/iframe><\/p>\n","protected":false},"excerpt":{"rendered":"Le repr\u00e9sentant syrien \u00e0 l'Onu, Bachar Jaafari : \" le plan des commanditaires du terrorisme (\u00c9tats-Unis, Royaume-Uni, France, Turquie, Qatar, Arabie Saoudite &amp; Isra\u00ebl) pour pr\u00e9senter les groupes takfiri (responsables","protected":false},"author":2,"featured_media":0,"comment_status":"closed","ping_status":"open","sticky":false,"template":"","format":"standard","meta":[],"categories":[49],"tags":[],"_links":{"self":[{"href":"https:\/\/www.lejournalduforkane.com\/index.php\/wp-json\/wp\/v2\/posts\/19842"}],"collection":[{"href":"https:\/\/www.lejournalduforkane.com\/index.php\/wp-json\/wp\/v2\/posts"}],"about":[{"href":"https:\/\/www.lejournalduforkane.com\/index.php\/wp-json\/wp\/v2\/types\/post"}],"author":[{"embeddable":true,"href":"https:\/\/www.lejournalduforkane.com\/index.php\/wp-json\/wp\/v2\/users\/2"}],"replies":[{"embeddable":true,"href":"https:\/\/www.lejournalduforkane.com\/index.php\/wp-json\/wp\/v2\/comments?post=19842"}],"version-history":[{"count":1,"href":"https:\/\/www.lejournalduforkane.com\/index.php\/wp-json\/wp\/v2\/posts\/19842\/revisions"}],"predecessor-version":[{"id":19844,"href":"https:\/\/www.lejournalduforkane.com\/index.php\/wp-json\/wp\/v2\/posts\/19842\/revisions\/19844"}],"wp:attachment":[{"href":"https:\/\/www.lejournalduforkane.com\/index.php\/wp-json\/wp\/v2\/media?parent=19842"}],"wp:term":[{"taxonomy":"category","embeddable":true,"href":"https:\/\/www.lejournalduforkane.com\/index.php\/wp-json\/wp\/v2\/categories?post=19842"},{"taxonomy":"post_tag","embeddable":true,"href":"https:\/\/www.lejournalduforkane.com\/index.php\/wp-json\/wp\/v2\/tags?post=19842"}],"curies":[{"name":"wp","href":"https:\/\/api.w.org\/{rel}","templated":true}]}}