
{"id":19845,"date":"2018-04-02T19:47:08","date_gmt":"2018-04-02T19:47:08","guid":{"rendered":"https:\/\/www.lejournalduforkane.com\/?p=19845"},"modified":"2018-04-02T19:47:50","modified_gmt":"2018-04-02T19:47:50","slug":"aucun-endroit-au-yemen-nechappe-aux-frappes-aeriennes-brutales-saoudiennes-ils-detruisent-les-infrastructures-du-pays-y-compris-les-ecoles","status":"publish","type":"post","link":"https:\/\/www.lejournalduforkane.com\/index.php\/aucun-endroit-au-yemen-nechappe-aux-frappes-aeriennes-brutales-saoudiennes-ils-detruisent-les-infrastructures-du-pays-y-compris-les-ecoles\/","title":{"rendered":"Aucun endroit au Y\u00e9men n&rsquo;echappe aux frappes a\u00e9riennes brutales saoudiennes, ils d\u00e9truisent les infrastructures du pays, y compris les \u00e9coles !"},"content":{"rendered":"<p><!--more--><br \/>\n<iframe loading=\"lazy\" src=\"\/\/rutube.ru\/play\/embed\/11041212\" width=\"620\" height=\"405\" frameborder=\"0\" allowfullscreen=\"allowfullscreen\"><\/iframe><\/p>\n","protected":false},"excerpt":{"rendered":"","protected":false},"author":2,"featured_media":0,"comment_status":"closed","ping_status":"open","sticky":false,"template":"","format":"standard","meta":[],"categories":[49],"tags":[],"_links":{"self":[{"href":"https:\/\/www.lejournalduforkane.com\/index.php\/wp-json\/wp\/v2\/posts\/19845"}],"collection":[{"href":"https:\/\/www.lejournalduforkane.com\/index.php\/wp-json\/wp\/v2\/posts"}],"about":[{"href":"https:\/\/www.lejournalduforkane.com\/index.php\/wp-json\/wp\/v2\/types\/post"}],"author":[{"embeddable":true,"href":"https:\/\/www.lejournalduforkane.com\/index.php\/wp-json\/wp\/v2\/users\/2"}],"replies":[{"embeddable":true,"href":"https:\/\/www.lejournalduforkane.com\/index.php\/wp-json\/wp\/v2\/comments?post=19845"}],"version-history":[{"count":2,"href":"https:\/\/www.lejournalduforkane.com\/index.php\/wp-json\/wp\/v2\/posts\/19845\/revisions"}],"predecessor-version":[{"id":19848,"href":"https:\/\/www.lejournalduforkane.com\/index.php\/wp-json\/wp\/v2\/posts\/19845\/revisions\/19848"}],"wp:attachment":[{"href":"https:\/\/www.lejournalduforkane.com\/index.php\/wp-json\/wp\/v2\/media?parent=19845"}],"wp:term":[{"taxonomy":"category","embeddable":true,"href":"https:\/\/www.lejournalduforkane.com\/index.php\/wp-json\/wp\/v2\/categories?post=19845"},{"taxonomy":"post_tag","embeddable":true,"href":"https:\/\/www.lejournalduforkane.com\/index.php\/wp-json\/wp\/v2\/tags?post=19845"}],"curies":[{"name":"wp","href":"https:\/\/api.w.org\/{rel}","templated":true}]}}