
{"id":19852,"date":"2018-04-02T20:07:51","date_gmt":"2018-04-02T20:07:51","guid":{"rendered":"https:\/\/www.lejournalduforkane.com\/?p=19852"},"modified":"2018-04-02T20:07:51","modified_gmt":"2018-04-02T20:07:51","slug":"meme-les-femmes-sont-victimes-du-feu-des-snipers-de-loccupation","status":"publish","type":"post","link":"https:\/\/www.lejournalduforkane.com\/index.php\/meme-les-femmes-sont-victimes-du-feu-des-snipers-de-loccupation\/","title":{"rendered":"M\u00eame les femmes sont victimes du feu des snipers de l&rsquo;occupation !"},"content":{"rendered":"<p><!--more--><\/p>\n<p style=\"text-align: justify;\">M\u00eame les femmes sont victimes du feu des snipers de l&rsquo;occupation ! Regardez cette femme qui avance, d\u00e9sarm\u00e9e, avec comme seule arme le drapeau palestinien, qui s&rsquo;effondre apr\u00e8s avoir re\u00e7u une balle !<\/p>\n<p><iframe loading=\"lazy\" width=\"620\" height=\"405\" src=\"\/\/rutube.ru\/play\/embed\/11041238\" frameborder=\"0\" webkitAllowFullScreen mozallowfullscreen allowfullscreen><\/iframe><\/p>\n","protected":false},"excerpt":{"rendered":"M\u00eame les femmes sont victimes du feu des snipers de l'occupation ! Regardez cette femme qui avance, d\u00e9sarm\u00e9e, avec comme seule arme le drapeau palestinien, qui s'effondre apr\u00e8s avoir re\u00e7u","protected":false},"author":2,"featured_media":0,"comment_status":"closed","ping_status":"open","sticky":false,"template":"","format":"standard","meta":[],"categories":[49],"tags":[],"_links":{"self":[{"href":"https:\/\/www.lejournalduforkane.com\/index.php\/wp-json\/wp\/v2\/posts\/19852"}],"collection":[{"href":"https:\/\/www.lejournalduforkane.com\/index.php\/wp-json\/wp\/v2\/posts"}],"about":[{"href":"https:\/\/www.lejournalduforkane.com\/index.php\/wp-json\/wp\/v2\/types\/post"}],"author":[{"embeddable":true,"href":"https:\/\/www.lejournalduforkane.com\/index.php\/wp-json\/wp\/v2\/users\/2"}],"replies":[{"embeddable":true,"href":"https:\/\/www.lejournalduforkane.com\/index.php\/wp-json\/wp\/v2\/comments?post=19852"}],"version-history":[{"count":1,"href":"https:\/\/www.lejournalduforkane.com\/index.php\/wp-json\/wp\/v2\/posts\/19852\/revisions"}],"predecessor-version":[{"id":19854,"href":"https:\/\/www.lejournalduforkane.com\/index.php\/wp-json\/wp\/v2\/posts\/19852\/revisions\/19854"}],"wp:attachment":[{"href":"https:\/\/www.lejournalduforkane.com\/index.php\/wp-json\/wp\/v2\/media?parent=19852"}],"wp:term":[{"taxonomy":"category","embeddable":true,"href":"https:\/\/www.lejournalduforkane.com\/index.php\/wp-json\/wp\/v2\/categories?post=19852"},{"taxonomy":"post_tag","embeddable":true,"href":"https:\/\/www.lejournalduforkane.com\/index.php\/wp-json\/wp\/v2\/tags?post=19852"}],"curies":[{"name":"wp","href":"https:\/\/api.w.org\/{rel}","templated":true}]}}