
{"id":19855,"date":"2018-04-02T20:12:46","date_gmt":"2018-04-02T20:12:46","guid":{"rendered":"https:\/\/www.lejournalduforkane.com\/?p=19855"},"modified":"2018-04-02T20:12:46","modified_gmt":"2018-04-02T20:12:46","slug":"israel-a-deploye-100-snipers-laches-le-long-de-la-frontiere-avec-gaza-cetait-en-preparation-dautres-crimes-contre-la-protestation-pacifique-des-palestiniens","status":"publish","type":"post","link":"https:\/\/www.lejournalduforkane.com\/index.php\/israel-a-deploye-100-snipers-laches-le-long-de-la-frontiere-avec-gaza-cetait-en-preparation-dautres-crimes-contre-la-protestation-pacifique-des-palestiniens\/","title":{"rendered":"Isra\u00ebl a d\u00e9ploy\u00e9 100 snipers l\u00e2ches le long de la fronti\u00e8re avec Gaza, c&rsquo;\u00e9tait en pr\u00e9paration d&rsquo;autres crimes contre la protestation pacifique des palestiniens !"},"content":{"rendered":"<p><!--more--><\/p>\n<p>Plus de 15 palestiniens ont \u00e9t\u00e9 tu\u00e9s par les forces d&rsquo;occupation et plus de 1400 autres bless\u00e9s lors d&rsquo;une attaque barbare isra\u00e9lienne contre la marche pacifique palestinienne.<\/p>\n<p><iframe loading=\"lazy\" width=\"620\" height=\"405\" src=\"\/\/rutube.ru\/play\/embed\/11041271\" frameborder=\"0\" webkitAllowFullScreen mozallowfullscreen allowfullscreen><\/iframe><\/p>\n","protected":false},"excerpt":{"rendered":"Plus de 15 palestiniens ont \u00e9t\u00e9 tu\u00e9s par les forces d'occupation et plus de 1400 autres bless\u00e9s lors d'une attaque barbare isra\u00e9lienne contre la marche pacifique palestinienne.","protected":false},"author":2,"featured_media":0,"comment_status":"closed","ping_status":"open","sticky":false,"template":"","format":"standard","meta":[],"categories":[49],"tags":[],"_links":{"self":[{"href":"https:\/\/www.lejournalduforkane.com\/index.php\/wp-json\/wp\/v2\/posts\/19855"}],"collection":[{"href":"https:\/\/www.lejournalduforkane.com\/index.php\/wp-json\/wp\/v2\/posts"}],"about":[{"href":"https:\/\/www.lejournalduforkane.com\/index.php\/wp-json\/wp\/v2\/types\/post"}],"author":[{"embeddable":true,"href":"https:\/\/www.lejournalduforkane.com\/index.php\/wp-json\/wp\/v2\/users\/2"}],"replies":[{"embeddable":true,"href":"https:\/\/www.lejournalduforkane.com\/index.php\/wp-json\/wp\/v2\/comments?post=19855"}],"version-history":[{"count":1,"href":"https:\/\/www.lejournalduforkane.com\/index.php\/wp-json\/wp\/v2\/posts\/19855\/revisions"}],"predecessor-version":[{"id":19857,"href":"https:\/\/www.lejournalduforkane.com\/index.php\/wp-json\/wp\/v2\/posts\/19855\/revisions\/19857"}],"wp:attachment":[{"href":"https:\/\/www.lejournalduforkane.com\/index.php\/wp-json\/wp\/v2\/media?parent=19855"}],"wp:term":[{"taxonomy":"category","embeddable":true,"href":"https:\/\/www.lejournalduforkane.com\/index.php\/wp-json\/wp\/v2\/categories?post=19855"},{"taxonomy":"post_tag","embeddable":true,"href":"https:\/\/www.lejournalduforkane.com\/index.php\/wp-json\/wp\/v2\/tags?post=19855"}],"curies":[{"name":"wp","href":"https:\/\/api.w.org\/{rel}","templated":true}]}}