
{"id":19858,"date":"2018-04-03T18:20:27","date_gmt":"2018-04-03T18:20:27","guid":{"rendered":"https:\/\/www.lejournalduforkane.com\/?p=19858"},"modified":"2018-04-04T18:45:25","modified_gmt":"2018-04-04T18:45:25","slug":"1-manifestant-palestinien-agenouille-pendant-la-priere-est-abattu-par-un-sniper-israelien","status":"publish","type":"post","link":"https:\/\/www.lejournalduforkane.com\/index.php\/1-manifestant-palestinien-agenouille-pendant-la-priere-est-abattu-par-un-sniper-israelien\/","title":{"rendered":"Un manifestant palestinien agenouill\u00e9 pendant la pri\u00e8re est abattu par un sniper isra\u00e9lien !"},"content":{"rendered":"<p><!--more--><\/p>\n<p>Regardez le moment o\u00f9 un manifestant palestinien agenouill\u00e9 pendant la pri\u00e8re avec un groupe, dans les manifestations de Gaza, est abattu par un sniper isra\u00e9lien !<\/p>\n<p>Des tireurs d&rsquo;\u00e9lite isra\u00e9liens ont tir\u00e9 sur des manifestants \u00e0 des centaines de m\u00e8tres, en tuant 15 palestiniens et en blessant 1400.<\/p>\n<p><iframe loading=\"lazy\" src=\"\/\/rutube.ru\/play\/embed\/11044806\" width=\"620\" height=\"405\" frameborder=\"0\" allowfullscreen=\"allowfullscreen\"><\/iframe><\/p>\n","protected":false},"excerpt":{"rendered":"Regardez le moment o\u00f9 un manifestant palestinien agenouill\u00e9 pendant la pri\u00e8re avec un groupe, dans les manifestations de Gaza, est abattu par un sniper isra\u00e9lien ! Des tireurs d'\u00e9lite isra\u00e9liens","protected":false},"author":2,"featured_media":19860,"comment_status":"closed","ping_status":"open","sticky":false,"template":"","format":"standard","meta":[],"categories":[49],"tags":[],"_links":{"self":[{"href":"https:\/\/www.lejournalduforkane.com\/index.php\/wp-json\/wp\/v2\/posts\/19858"}],"collection":[{"href":"https:\/\/www.lejournalduforkane.com\/index.php\/wp-json\/wp\/v2\/posts"}],"about":[{"href":"https:\/\/www.lejournalduforkane.com\/index.php\/wp-json\/wp\/v2\/types\/post"}],"author":[{"embeddable":true,"href":"https:\/\/www.lejournalduforkane.com\/index.php\/wp-json\/wp\/v2\/users\/2"}],"replies":[{"embeddable":true,"href":"https:\/\/www.lejournalduforkane.com\/index.php\/wp-json\/wp\/v2\/comments?post=19858"}],"version-history":[{"count":2,"href":"https:\/\/www.lejournalduforkane.com\/index.php\/wp-json\/wp\/v2\/posts\/19858\/revisions"}],"predecessor-version":[{"id":19893,"href":"https:\/\/www.lejournalduforkane.com\/index.php\/wp-json\/wp\/v2\/posts\/19858\/revisions\/19893"}],"wp:featuredmedia":[{"embeddable":true,"href":"https:\/\/www.lejournalduforkane.com\/index.php\/wp-json\/wp\/v2\/media\/19860"}],"wp:attachment":[{"href":"https:\/\/www.lejournalduforkane.com\/index.php\/wp-json\/wp\/v2\/media?parent=19858"}],"wp:term":[{"taxonomy":"category","embeddable":true,"href":"https:\/\/www.lejournalduforkane.com\/index.php\/wp-json\/wp\/v2\/categories?post=19858"},{"taxonomy":"post_tag","embeddable":true,"href":"https:\/\/www.lejournalduforkane.com\/index.php\/wp-json\/wp\/v2\/tags?post=19858"}],"curies":[{"name":"wp","href":"https:\/\/api.w.org\/{rel}","templated":true}]}}