
{"id":19859,"date":"2018-04-03T18:20:12","date_gmt":"2018-04-03T18:20:12","guid":{"rendered":"https:\/\/www.lejournalduforkane.com\/?p=19859"},"modified":"2018-04-03T18:21:41","modified_gmt":"2018-04-03T18:21:41","slug":"gens-protestent-devant-le-parlement-irlandais-contre-les-crimes-disrael-qui-a-tire-sur-des-palestiniens-non-armes","status":"publish","type":"post","link":"https:\/\/www.lejournalduforkane.com\/index.php\/gens-protestent-devant-le-parlement-irlandais-contre-les-crimes-disrael-qui-a-tire-sur-des-palestiniens-non-armes\/","title":{"rendered":"Les gens protestent devant le parlement irlandais contre les crimes d&rsquo;Isra\u00ebl qui a tir\u00e9 sur des palestiniens non arm\u00e9s"},"content":{"rendered":"<p><!--more--><\/p>\n<p>Les gens protestent devant le parlement irlandais contre les crimes d&rsquo;Isra\u00ebl qui a tir\u00e9 sur des palestiniens non arm\u00e9s pendant la \u00ab\u00a0Marche du Retou<br \/>\n<img loading=\"lazy\" class=\"alignnone size-medium wp-image-19861\" src=\"https:\/\/www.lejournalduforkane.com\/wp-content\/uploads\/2018\/04\/Les-gens-protestent-devant-le-parlement-irlandais-contre-les-crimes-dIsra\u00ebl-qui-a-tir\u00e9-sur-des-palestiniens-non-arm\u00e9s1-300x225.jpg\" alt=\"Les gens protestent devant le parlement irlandais contre les crimes d'Isra\u00ebl qui a tir\u00e9 sur des palestiniens non arm\u00e9s1\" width=\"300\" height=\"225\" srcset=\"https:\/\/www.lejournalduforkane.com\/wp-content\/uploads\/2018\/04\/Les-gens-protestent-devant-le-parlement-irlandais-contre-les-crimes-dIsra\u00ebl-qui-a-tir\u00e9-sur-des-palestiniens-non-arm\u00e9s1-300x225.jpg 300w, https:\/\/www.lejournalduforkane.com\/wp-content\/uploads\/2018\/04\/Les-gens-protestent-devant-le-parlement-irlandais-contre-les-crimes-dIsra\u00ebl-qui-a-tir\u00e9-sur-des-palestiniens-non-arm\u00e9s1.jpg 720w\" sizes=\"(max-width: 300px) 100vw, 300px\" \/><\/p>\n<p><img loading=\"lazy\" class=\"alignnone size-medium wp-image-19862\" src=\"https:\/\/www.lejournalduforkane.com\/wp-content\/uploads\/2018\/04\/Les-gens-protestent-devant-le-parlement-irlandais-contre-les-crimes-dIsra\u00ebl-qui-a-tir\u00e9-sur-des-palestiniens-non-arm\u00e9s3-300x225.jpg\" alt=\"Les gens protestent devant le parlement irlandais contre les crimes d'Isra\u00ebl qui a tir\u00e9 sur des palestiniens non arm\u00e9s3\" width=\"300\" height=\"225\" srcset=\"https:\/\/www.lejournalduforkane.com\/wp-content\/uploads\/2018\/04\/Les-gens-protestent-devant-le-parlement-irlandais-contre-les-crimes-dIsra\u00ebl-qui-a-tir\u00e9-sur-des-palestiniens-non-arm\u00e9s3-300x225.jpg 300w, https:\/\/www.lejournalduforkane.com\/wp-content\/uploads\/2018\/04\/Les-gens-protestent-devant-le-parlement-irlandais-contre-les-crimes-dIsra\u00ebl-qui-a-tir\u00e9-sur-des-palestiniens-non-arm\u00e9s3.jpg 720w\" sizes=\"(max-width: 300px) 100vw, 300px\" \/><\/p>\n<p><img loading=\"lazy\" class=\"alignnone size-medium wp-image-19863\" src=\"https:\/\/www.lejournalduforkane.com\/wp-content\/uploads\/2018\/04\/Les-gens-protestent-devant-le-parlement-irlandais-contre-les-crimes-dIsra\u00ebl-qui-a-tir\u00e9-sur-des-palestiniens-non-arm\u00e9s2-300x193.jpg\" alt=\"Les gens protestent devant le parlement irlandais contre les crimes d'Isra\u00ebl qui a tir\u00e9 sur des palestiniens non arm\u00e9s2\" width=\"300\" height=\"193\" srcset=\"https:\/\/www.lejournalduforkane.com\/wp-content\/uploads\/2018\/04\/Les-gens-protestent-devant-le-parlement-irlandais-contre-les-crimes-dIsra\u00ebl-qui-a-tir\u00e9-sur-des-palestiniens-non-arm\u00e9s2-300x193.jpg 300w, https:\/\/www.lejournalduforkane.com\/wp-content\/uploads\/2018\/04\/Les-gens-protestent-devant-le-parlement-irlandais-contre-les-crimes-dIsra\u00ebl-qui-a-tir\u00e9-sur-des-palestiniens-non-arm\u00e9s2.jpg 720w\" sizes=\"(max-width: 300px) 100vw, 300px\" \/><\/p>\n","protected":false},"excerpt":{"rendered":"Les gens protestent devant le parlement irlandais contre les crimes d'Isra\u00ebl qui a tir\u00e9 sur des palestiniens non arm\u00e9s pendant la \"Marche du Retou","protected":false},"author":2,"featured_media":19861,"comment_status":"closed","ping_status":"open","sticky":false,"template":"","format":"standard","meta":[],"categories":[49],"tags":[],"_links":{"self":[{"href":"https:\/\/www.lejournalduforkane.com\/index.php\/wp-json\/wp\/v2\/posts\/19859"}],"collection":[{"href":"https:\/\/www.lejournalduforkane.com\/index.php\/wp-json\/wp\/v2\/posts"}],"about":[{"href":"https:\/\/www.lejournalduforkane.com\/index.php\/wp-json\/wp\/v2\/types\/post"}],"author":[{"embeddable":true,"href":"https:\/\/www.lejournalduforkane.com\/index.php\/wp-json\/wp\/v2\/users\/2"}],"replies":[{"embeddable":true,"href":"https:\/\/www.lejournalduforkane.com\/index.php\/wp-json\/wp\/v2\/comments?post=19859"}],"version-history":[{"count":1,"href":"https:\/\/www.lejournalduforkane.com\/index.php\/wp-json\/wp\/v2\/posts\/19859\/revisions"}],"predecessor-version":[{"id":19864,"href":"https:\/\/www.lejournalduforkane.com\/index.php\/wp-json\/wp\/v2\/posts\/19859\/revisions\/19864"}],"wp:featuredmedia":[{"embeddable":true,"href":"https:\/\/www.lejournalduforkane.com\/index.php\/wp-json\/wp\/v2\/media\/19861"}],"wp:attachment":[{"href":"https:\/\/www.lejournalduforkane.com\/index.php\/wp-json\/wp\/v2\/media?parent=19859"}],"wp:term":[{"taxonomy":"category","embeddable":true,"href":"https:\/\/www.lejournalduforkane.com\/index.php\/wp-json\/wp\/v2\/categories?post=19859"},{"taxonomy":"post_tag","embeddable":true,"href":"https:\/\/www.lejournalduforkane.com\/index.php\/wp-json\/wp\/v2\/tags?post=19859"}],"curies":[{"name":"wp","href":"https:\/\/api.w.org\/{rel}","templated":true}]}}