
{"id":19894,"date":"2018-04-08T08:25:27","date_gmt":"2018-04-08T08:25:27","guid":{"rendered":"https:\/\/www.lejournalduforkane.com\/?p=19894"},"modified":"2018-04-08T08:27:54","modified_gmt":"2018-04-08T08:27:54","slug":"belfast-appelle-a-lexpulsion-de-tous-les-diplomates-israeliens-apres-le-meurtre-flagrant-des-palestiniens-a-gaza","status":"publish","type":"post","link":"https:\/\/www.lejournalduforkane.com\/index.php\/belfast-appelle-a-lexpulsion-de-tous-les-diplomates-israeliens-apres-le-meurtre-flagrant-des-palestiniens-a-gaza\/","title":{"rendered":"[Vid\u00e9o] | Belfast appelle \u00e0 l&rsquo;expulsion de tous les diplomates isra\u00e9liens apr\u00e8s le meurtre flagrant des palestiniens \u00e0 Gaza"},"content":{"rendered":"<p><!--more--><br \/>\n<iframe loading=\"lazy\" src=\"\/\/rutube.ru\/play\/embed\/11055631\" width=\"620\" height=\"405\" frameborder=\"0\" allowfullscreen=\"allowfullscreen\"><\/iframe><\/p>\n<p>&nbsp;<\/p>\n","protected":false},"excerpt":{"rendered":"&nbsp;","protected":false},"author":2,"featured_media":0,"comment_status":"closed","ping_status":"open","sticky":false,"template":"","format":"standard","meta":[],"categories":[49],"tags":[],"_links":{"self":[{"href":"https:\/\/www.lejournalduforkane.com\/index.php\/wp-json\/wp\/v2\/posts\/19894"}],"collection":[{"href":"https:\/\/www.lejournalduforkane.com\/index.php\/wp-json\/wp\/v2\/posts"}],"about":[{"href":"https:\/\/www.lejournalduforkane.com\/index.php\/wp-json\/wp\/v2\/types\/post"}],"author":[{"embeddable":true,"href":"https:\/\/www.lejournalduforkane.com\/index.php\/wp-json\/wp\/v2\/users\/2"}],"replies":[{"embeddable":true,"href":"https:\/\/www.lejournalduforkane.com\/index.php\/wp-json\/wp\/v2\/comments?post=19894"}],"version-history":[{"count":3,"href":"https:\/\/www.lejournalduforkane.com\/index.php\/wp-json\/wp\/v2\/posts\/19894\/revisions"}],"predecessor-version":[{"id":19899,"href":"https:\/\/www.lejournalduforkane.com\/index.php\/wp-json\/wp\/v2\/posts\/19894\/revisions\/19899"}],"wp:attachment":[{"href":"https:\/\/www.lejournalduforkane.com\/index.php\/wp-json\/wp\/v2\/media?parent=19894"}],"wp:term":[{"taxonomy":"category","embeddable":true,"href":"https:\/\/www.lejournalduforkane.com\/index.php\/wp-json\/wp\/v2\/categories?post=19894"},{"taxonomy":"post_tag","embeddable":true,"href":"https:\/\/www.lejournalduforkane.com\/index.php\/wp-json\/wp\/v2\/tags?post=19894"}],"curies":[{"name":"wp","href":"https:\/\/api.w.org\/{rel}","templated":true}]}}