
{"id":19947,"date":"2018-04-10T19:34:55","date_gmt":"2018-04-10T19:34:55","guid":{"rendered":"https:\/\/www.lejournalduforkane.com\/?p=19947"},"modified":"2018-04-10T19:34:55","modified_gmt":"2018-04-10T19:34:55","slug":"regarsez-lambassadrice-des-etats-unis-aux-nations-unies-nikki-halley-quitter-le-conseil-de-securite-au-moment-de-la-prise-de-parole-par-le-representant-permanent-de-la-syrie-a-lonu-le-dr-bachar","status":"publish","type":"post","link":"https:\/\/www.lejournalduforkane.com\/index.php\/regarsez-lambassadrice-des-etats-unis-aux-nations-unies-nikki-halley-quitter-le-conseil-de-securite-au-moment-de-la-prise-de-parole-par-le-representant-permanent-de-la-syrie-a-lonu-le-dr-bachar\/","title":{"rendered":"Regarsez l&rsquo;ambassadrice des \u00c9tats-Unis aux Nations unies &#8211; Nikki Halley quitter le conseil de s\u00e9curit\u00e9 au moment de la prise de parole par le repr\u00e9sentant permanent de la Syrie \u00e0 l&rsquo;Onu, le Dr Bachar el-Jaafari"},"content":{"rendered":"<p><!--more--><\/p>\n<p><iframe loading=\"lazy\" width=\"620\" height=\"405\" src=\"\/\/rutube.ru\/play\/embed\/11062227?bmstart=0\" frameborder=\"0\" webkitAllowFullScreen mozallowfullscreen allowfullscreen><\/iframe><\/p>\n","protected":false},"excerpt":{"rendered":"","protected":false},"author":2,"featured_media":0,"comment_status":"closed","ping_status":"open","sticky":false,"template":"","format":"standard","meta":[],"categories":[49],"tags":[],"_links":{"self":[{"href":"https:\/\/www.lejournalduforkane.com\/index.php\/wp-json\/wp\/v2\/posts\/19947"}],"collection":[{"href":"https:\/\/www.lejournalduforkane.com\/index.php\/wp-json\/wp\/v2\/posts"}],"about":[{"href":"https:\/\/www.lejournalduforkane.com\/index.php\/wp-json\/wp\/v2\/types\/post"}],"author":[{"embeddable":true,"href":"https:\/\/www.lejournalduforkane.com\/index.php\/wp-json\/wp\/v2\/users\/2"}],"replies":[{"embeddable":true,"href":"https:\/\/www.lejournalduforkane.com\/index.php\/wp-json\/wp\/v2\/comments?post=19947"}],"version-history":[{"count":1,"href":"https:\/\/www.lejournalduforkane.com\/index.php\/wp-json\/wp\/v2\/posts\/19947\/revisions"}],"predecessor-version":[{"id":19949,"href":"https:\/\/www.lejournalduforkane.com\/index.php\/wp-json\/wp\/v2\/posts\/19947\/revisions\/19949"}],"wp:attachment":[{"href":"https:\/\/www.lejournalduforkane.com\/index.php\/wp-json\/wp\/v2\/media?parent=19947"}],"wp:term":[{"taxonomy":"category","embeddable":true,"href":"https:\/\/www.lejournalduforkane.com\/index.php\/wp-json\/wp\/v2\/categories?post=19947"},{"taxonomy":"post_tag","embeddable":true,"href":"https:\/\/www.lejournalduforkane.com\/index.php\/wp-json\/wp\/v2\/tags?post=19947"}],"curies":[{"name":"wp","href":"https:\/\/api.w.org\/{rel}","templated":true}]}}