
{"id":19963,"date":"2018-04-12T20:18:56","date_gmt":"2018-04-12T20:18:56","guid":{"rendered":"https:\/\/www.lejournalduforkane.com\/?p=19963"},"modified":"2018-04-12T20:18:56","modified_gmt":"2018-04-12T20:18:56","slug":"nous-ne-permettons-a-personne-grand-ou-petit-membre-permanent-ou-non-permanent-de-repeter-et-nous-faire-ce-quils-ont-fait-a-lirak-et-a-la-libye","status":"publish","type":"post","link":"https:\/\/www.lejournalduforkane.com\/index.php\/nous-ne-permettons-a-personne-grand-ou-petit-membre-permanent-ou-non-permanent-de-repeter-et-nous-faire-ce-quils-ont-fait-a-lirak-et-a-la-libye\/","title":{"rendered":"Nous ne permettons \u00e0 personne, grand ou petit, membre permanent ou non permanent de r\u00e9p\u00e9ter et nous faire ce qu&rsquo;ils ont fait \u00e0 l&rsquo;Irak et \u00e0 la Libye"},"content":{"rendered":"<p style=\"text-align: justify;\"><!--more--><\/p>\n<p style=\"text-align: justify;\">Le repr\u00e9sentant syrien au conseil de s\u00e9curit\u00e9 de l&rsquo;ONU :<\/p>\n<p style=\"text-align: justify;\">\u00a0\u00bb Qu&rsquo;ils m&rsquo;entendent bien, vos menaces d&rsquo;agression, vos man\u0153uvres, votre tromperie, vos mensonges, et votre terrorisme, ne nous emp\u00eachera pas d&rsquo;\u00eatre un \u00e9tat fondateur \u00e0 cette organisation internationale de pratiquer notre devoir, et notre droit, selon la Charte [ONU] et \u00e0 notre Constitution nationale, de prot\u00e9ger la souverainet\u00e9 de notre nation, et l&rsquo;unit\u00e9 de nos territoires, et de repousser toute agression d&rsquo;o\u00f9 qu&rsquo;elle vienne.<\/p>\n<p style=\"text-align: justify;\">Nous ne permettons \u00e0 personne, grand ou petit, membre permanent ou non permanent de r\u00e9p\u00e9ter et nous faire ce qu&rsquo;ils ont fait \u00e0 l&rsquo;Irak et \u00e0 la Libye.\u00a0\u00bb<\/p>\n<p style=\"text-align: justify;\"><iframe loading=\"lazy\" src=\"\/\/rutube.ru\/play\/embed\/11067175?bmstart=3\" width=\"620\" height=\"405\" frameborder=\"0\" allowfullscreen=\"allowfullscreen\"><\/iframe><\/p>\n","protected":false},"excerpt":{"rendered":"Le repr\u00e9sentant syrien au conseil de s\u00e9curit\u00e9 de l'ONU : \" Qu'ils m'entendent bien, vos menaces d'agression, vos man\u0153uvres, votre tromperie, vos mensonges, et votre terrorisme, ne nous emp\u00eachera pas","protected":false},"author":2,"featured_media":0,"comment_status":"closed","ping_status":"open","sticky":false,"template":"","format":"standard","meta":[],"categories":[49],"tags":[],"_links":{"self":[{"href":"https:\/\/www.lejournalduforkane.com\/index.php\/wp-json\/wp\/v2\/posts\/19963"}],"collection":[{"href":"https:\/\/www.lejournalduforkane.com\/index.php\/wp-json\/wp\/v2\/posts"}],"about":[{"href":"https:\/\/www.lejournalduforkane.com\/index.php\/wp-json\/wp\/v2\/types\/post"}],"author":[{"embeddable":true,"href":"https:\/\/www.lejournalduforkane.com\/index.php\/wp-json\/wp\/v2\/users\/2"}],"replies":[{"embeddable":true,"href":"https:\/\/www.lejournalduforkane.com\/index.php\/wp-json\/wp\/v2\/comments?post=19963"}],"version-history":[{"count":1,"href":"https:\/\/www.lejournalduforkane.com\/index.php\/wp-json\/wp\/v2\/posts\/19963\/revisions"}],"predecessor-version":[{"id":19965,"href":"https:\/\/www.lejournalduforkane.com\/index.php\/wp-json\/wp\/v2\/posts\/19963\/revisions\/19965"}],"wp:attachment":[{"href":"https:\/\/www.lejournalduforkane.com\/index.php\/wp-json\/wp\/v2\/media?parent=19963"}],"wp:term":[{"taxonomy":"category","embeddable":true,"href":"https:\/\/www.lejournalduforkane.com\/index.php\/wp-json\/wp\/v2\/categories?post=19963"},{"taxonomy":"post_tag","embeddable":true,"href":"https:\/\/www.lejournalduforkane.com\/index.php\/wp-json\/wp\/v2\/tags?post=19963"}],"curies":[{"name":"wp","href":"https:\/\/api.w.org\/{rel}","templated":true}]}}