
{"id":19970,"date":"2018-04-14T15:59:19","date_gmt":"2018-04-14T15:59:19","guid":{"rendered":"https:\/\/www.lejournalduforkane.com\/?p=19970"},"modified":"2018-04-14T15:59:19","modified_gmt":"2018-04-14T15:59:19","slug":"video-richard-labeviere-une-campagne-de-denigrement-systematique-contre-le-bachar-al-assad-et-son-armee","status":"publish","type":"post","link":"https:\/\/www.lejournalduforkane.com\/index.php\/video-richard-labeviere-une-campagne-de-denigrement-systematique-contre-le-bachar-al-assad-et-son-armee\/","title":{"rendered":"[Vid\u00e9o] | Richard Lab\u00e9vi\u00e8re : \u00ab\u00a0Une campagne de d\u00e9nigrement syst\u00e9matique contre le Bachar al Assad et son arm\u00e9e ?\u00a0\u00bb"},"content":{"rendered":"<p><!--more--><\/p>\n<p style=\"text-align: justify;\">Alors que les tensions diplomatiques atteignent des sommets au sujet de la crise syrienne, Richard Lab\u00e9vi\u00e8re s&rsquo;interroge sur l&rsquo;attribution des responsabilit\u00e9s dans les attaques chimiques pr\u00e9sum\u00e9es successives en Syrie, le r\u00f4le de l&rsquo;OIAC, et leur synchronisation avec les victoires de l&rsquo;arm\u00e9e syrienne. Il s&rsquo;\u00e9tonne de l&rsquo;action militaire envisag\u00e9e sans l&rsquo;aval des Nations unies, \u00e0 l&rsquo;oppos\u00e9 de la position fran\u00e7aise de 2003 au sujet de la guerre en Irak.<\/p>\n<p><iframe loading=\"lazy\" src=\"https:\/\/www.youtube.com\/embed\/igXKdtfrB9E\" width=\"560\" height=\"315\" frameborder=\"0\" allowfullscreen=\"allowfullscreen\"><\/iframe><\/p>\n","protected":false},"excerpt":{"rendered":"Alors que les tensions diplomatiques atteignent des sommets au sujet de la crise syrienne, Richard Lab\u00e9vi\u00e8re s'interroge sur l'attribution des responsabilit\u00e9s dans les attaques chimiques pr\u00e9sum\u00e9es successives en Syrie, le","protected":false},"author":2,"featured_media":0,"comment_status":"closed","ping_status":"open","sticky":false,"template":"","format":"standard","meta":[],"categories":[49],"tags":[],"_links":{"self":[{"href":"https:\/\/www.lejournalduforkane.com\/index.php\/wp-json\/wp\/v2\/posts\/19970"}],"collection":[{"href":"https:\/\/www.lejournalduforkane.com\/index.php\/wp-json\/wp\/v2\/posts"}],"about":[{"href":"https:\/\/www.lejournalduforkane.com\/index.php\/wp-json\/wp\/v2\/types\/post"}],"author":[{"embeddable":true,"href":"https:\/\/www.lejournalduforkane.com\/index.php\/wp-json\/wp\/v2\/users\/2"}],"replies":[{"embeddable":true,"href":"https:\/\/www.lejournalduforkane.com\/index.php\/wp-json\/wp\/v2\/comments?post=19970"}],"version-history":[{"count":1,"href":"https:\/\/www.lejournalduforkane.com\/index.php\/wp-json\/wp\/v2\/posts\/19970\/revisions"}],"predecessor-version":[{"id":19972,"href":"https:\/\/www.lejournalduforkane.com\/index.php\/wp-json\/wp\/v2\/posts\/19970\/revisions\/19972"}],"wp:attachment":[{"href":"https:\/\/www.lejournalduforkane.com\/index.php\/wp-json\/wp\/v2\/media?parent=19970"}],"wp:term":[{"taxonomy":"category","embeddable":true,"href":"https:\/\/www.lejournalduforkane.com\/index.php\/wp-json\/wp\/v2\/categories?post=19970"},{"taxonomy":"post_tag","embeddable":true,"href":"https:\/\/www.lejournalduforkane.com\/index.php\/wp-json\/wp\/v2\/tags?post=19970"}],"curies":[{"name":"wp","href":"https:\/\/api.w.org\/{rel}","templated":true}]}}