
{"id":19988,"date":"2018-04-15T14:28:31","date_gmt":"2018-04-15T14:28:31","guid":{"rendered":"https:\/\/www.lejournalduforkane.com\/?p=19988"},"modified":"2018-04-15T14:29:08","modified_gmt":"2018-04-15T14:29:08","slug":"regardez-lancien-chef-des-forces-armees-britanniques-dit-que-bachar-al-assad-na-aucune-motivation-pour-mener-une-attaque-chimique","status":"publish","type":"post","link":"https:\/\/www.lejournalduforkane.com\/index.php\/regardez-lancien-chef-des-forces-armees-britanniques-dit-que-bachar-al-assad-na-aucune-motivation-pour-mener-une-attaque-chimique\/","title":{"rendered":"Regardez l\u00a0\u00bbancien chef des forces arm\u00e9es britanniques dit que Bachar Al Assad n&rsquo;a aucune motivation pour mener une attaque chimique"},"content":{"rendered":"<p><!--more--><\/p>\n<p style=\"text-align: justify;\">Regardez l\u00a0\u00bbancien chef des forces arm\u00e9es britanniques dit que Bachar Al Assad n&rsquo;a aucune motivation pour mener une attaque chimique. Il est coup\u00e9 rapidement par la pr\u00e9sentatrice de Sky news !!! Juste une co\u00efncidence !<\/p>\n<p style=\"text-align: justify;\">\n<p>\u0421\u043a\u043e\u043f\u0438\u0440\u043e\u0432\u0430\u0442\u044c<br \/>\n<iframe loading=\"lazy\" width=\"620\" height=\"405\" src=\"\/\/rutube.ru\/play\/embed\/11072527\" frameborder=\"0\" webkitAllowFullScreen mozallowfullscreen allowfullscreen><\/iframe><\/p>\n","protected":false},"excerpt":{"rendered":"Regardez l''ancien chef des forces arm\u00e9es britanniques dit que Bachar Al Assad n'a aucune motivation pour mener une attaque chimique. Il est coup\u00e9 rapidement par la pr\u00e9sentatrice de Sky news","protected":false},"author":2,"featured_media":0,"comment_status":"closed","ping_status":"open","sticky":false,"template":"","format":"standard","meta":[],"categories":[49],"tags":[],"_links":{"self":[{"href":"https:\/\/www.lejournalduforkane.com\/index.php\/wp-json\/wp\/v2\/posts\/19988"}],"collection":[{"href":"https:\/\/www.lejournalduforkane.com\/index.php\/wp-json\/wp\/v2\/posts"}],"about":[{"href":"https:\/\/www.lejournalduforkane.com\/index.php\/wp-json\/wp\/v2\/types\/post"}],"author":[{"embeddable":true,"href":"https:\/\/www.lejournalduforkane.com\/index.php\/wp-json\/wp\/v2\/users\/2"}],"replies":[{"embeddable":true,"href":"https:\/\/www.lejournalduforkane.com\/index.php\/wp-json\/wp\/v2\/comments?post=19988"}],"version-history":[{"count":2,"href":"https:\/\/www.lejournalduforkane.com\/index.php\/wp-json\/wp\/v2\/posts\/19988\/revisions"}],"predecessor-version":[{"id":19991,"href":"https:\/\/www.lejournalduforkane.com\/index.php\/wp-json\/wp\/v2\/posts\/19988\/revisions\/19991"}],"wp:attachment":[{"href":"https:\/\/www.lejournalduforkane.com\/index.php\/wp-json\/wp\/v2\/media?parent=19988"}],"wp:term":[{"taxonomy":"category","embeddable":true,"href":"https:\/\/www.lejournalduforkane.com\/index.php\/wp-json\/wp\/v2\/categories?post=19988"},{"taxonomy":"post_tag","embeddable":true,"href":"https:\/\/www.lejournalduforkane.com\/index.php\/wp-json\/wp\/v2\/tags?post=19988"}],"curies":[{"name":"wp","href":"https:\/\/api.w.org\/{rel}","templated":true}]}}