
{"id":1999,"date":"2017-04-10T07:25:49","date_gmt":"2017-04-10T07:25:49","guid":{"rendered":"https:\/\/www.lejournalduforkane.com\/?p=1999"},"modified":"2017-05-11T18:45:39","modified_gmt":"2017-05-11T18:45:39","slug":"la-syrie-et-le-reste-du-monde-2","status":"publish","type":"post","link":"https:\/\/www.lejournalduforkane.com\/index.php\/la-syrie-et-le-reste-du-monde-2\/","title":{"rendered":"2. La Syrie et le reste du monde"},"content":{"rendered":"<p style=\"text-align: justify;\">\u00a0Apr\u00e8s des ann\u00e9es de pr\u00e9paration, les terroristes entrent en action contre Damas.<!--more--> Pendant que les terroristes se battent dans tout le pays pour occuper l\u2019arm\u00e9e syrienne, les criminels des services<br \/>\nsecrets occidentaux, arabes et turcs visent \u00e0 d\u00e9truire des points infra-structurels et n\u00e9vralgiques. Le but est de d\u00e9molir le plus possible. Malgr\u00e9 les observateurs arabes et onusiens, les puissances recourent aux sanctions. Kofi Annan, plus tard Lakhdar Ibrahimi, repr\u00e9sentant la Ligue arabe et l\u2019ONU, ne croit qu\u2019\u00e0 une solution politique comme la Russie, la Chine et l\u2019Iran. Des attentats meurtriers et cibl\u00e9s veulent discr\u00e9diter les efforts de paix.<\/p>\n<p style=\"text-align: justify;\">Si la Syrie tient depuis plus d\u2019un an et demi, c\u2019est que les calculs des strat\u00e8ges sont faux. Les syriens sont convaincus d\u2019un complot terroriste de saboteurs. La stupidit\u00e9 du Qatar parle d\u2019envoyer des soldats arabes. Les principaux ennemis dans la r\u00e9gion sont l\u2019Arabie, le Qatar et la Turquie. Ils sont le relais des USA, de la France et d\u2019Isra\u00ebl. Ils pensent que tout n\u2019est qu\u2019une question de chiffre. Alors, ils fournissent les armes, l\u2019entra\u00eenement et les hommes. L\u2019Arabie parle m\u00eame de\u00a0\u00ab\u00a0salaire\u00a0\u00bb. Car il appara\u00eet avec le temps que les terroristes n\u2019arrivent \u00e0 rien.<\/p>\n<p style=\"text-align: justify;\">Des conf\u00e9rences sur les \u00ab\u00a0Amis du peuple syrien\u00a0\u00bb, ont lieu r\u00e9guli\u00e8rement. Le cynisme n\u2019a pas de fronti\u00e8re, la Russie et la Chine restent fermes en brandissant le v\u00e9to. Les cha\u00eenes Al-Jazeera et d\u2019Al-Arabia n\u2019h\u00e9sitent pas \u00e0 faire de l\u2019intox sans parler des villes syriennes reconstitu\u00e9es dans les pays ennemis comme le Qatar. Ils font toutes sortes de mise en sc\u00e8ne pour montrer des bombardements de l\u2019arm\u00e9e, des manifestations anti-r\u00e9gimes\u2026 que ces cha\u00eenes filment et lancent au monde.<\/p>\n<p>&nbsp;<\/p>\n<p style=\"text-align: center;\"><strong>Les tueries de Damas sont le signe qu\u2019Al-Mahdi n\u2019est pas loin d\u2019appara\u00eetre. \u00ab\u00a0Seigneurs\u00a0! La gu\u00e9rison signalera la chute des puissances et des hypocrites\u00a0\u00bb<\/strong><\/p>\n","protected":false},"excerpt":{"rendered":"<p>\u00a0Apr\u00e8s des ann\u00e9es de pr\u00e9paration, les terroristes entrent en action contre Damas.<\/p>\n","protected":false},"author":2,"featured_media":0,"comment_status":"open","ping_status":"closed","sticky":false,"template":"","format":"standard","meta":[],"categories":[],"tags":[],"_links":{"self":[{"href":"https:\/\/www.lejournalduforkane.com\/index.php\/wp-json\/wp\/v2\/posts\/1999"}],"collection":[{"href":"https:\/\/www.lejournalduforkane.com\/index.php\/wp-json\/wp\/v2\/posts"}],"about":[{"href":"https:\/\/www.lejournalduforkane.com\/index.php\/wp-json\/wp\/v2\/types\/post"}],"author":[{"embeddable":true,"href":"https:\/\/www.lejournalduforkane.com\/index.php\/wp-json\/wp\/v2\/users\/2"}],"replies":[{"embeddable":true,"href":"https:\/\/www.lejournalduforkane.com\/index.php\/wp-json\/wp\/v2\/comments?post=1999"}],"version-history":[{"count":3,"href":"https:\/\/www.lejournalduforkane.com\/index.php\/wp-json\/wp\/v2\/posts\/1999\/revisions"}],"predecessor-version":[{"id":16006,"href":"https:\/\/www.lejournalduforkane.com\/index.php\/wp-json\/wp\/v2\/posts\/1999\/revisions\/16006"}],"wp:attachment":[{"href":"https:\/\/www.lejournalduforkane.com\/index.php\/wp-json\/wp\/v2\/media?parent=1999"}],"wp:term":[{"taxonomy":"category","embeddable":true,"href":"https:\/\/www.lejournalduforkane.com\/index.php\/wp-json\/wp\/v2\/categories?post=1999"},{"taxonomy":"post_tag","embeddable":true,"href":"https:\/\/www.lejournalduforkane.com\/index.php\/wp-json\/wp\/v2\/tags?post=1999"}],"curies":[{"name":"wp","href":"https:\/\/api.w.org\/{rel}","templated":true}]}}