
{"id":19998,"date":"2018-04-15T14:41:41","date_gmt":"2018-04-15T14:41:41","guid":{"rendered":"https:\/\/www.lejournalduforkane.com\/?p=19998"},"modified":"2018-04-15T19:05:07","modified_gmt":"2018-04-15T19:05:07","slug":"lesbritanniques-doivent-rester-fermes-et-exiger-quelle-arrete-dattaquer-la-syrie","status":"publish","type":"post","link":"https:\/\/www.lejournalduforkane.com\/index.php\/lesbritanniques-doivent-rester-fermes-et-exiger-quelle-arrete-dattaquer-la-syrie\/","title":{"rendered":"Les Britanniques doivent rester fermes et exiger qu&rsquo;elle arr\u00eate d&rsquo;attaquer la Syrie !"},"content":{"rendered":"<p><!--more--><\/p>\n<p style=\"text-align: justify;\">Theresa est le nouveau Tony Blair ! Les Britanniques doivent rester fermes et exiger qu&rsquo;elle arr\u00eate d&rsquo;attaquer la Syrie !<\/p>\n<p>Les manifestants se sont rassembl\u00e9s devant la r\u00e9sidence du premier ministre, exhortant Theresa May \u00e0 s&rsquo;abstenir de rejoindre Donald Trump dans l&rsquo;escalade de la guerre en Syrie.<\/p>\n<p><iframe loading=\"lazy\" src=\"\/\/rutube.ru\/play\/embed\/11072551\" width=\"620\" height=\"405\" frameborder=\"0\" allowfullscreen=\"allowfullscreen\"><\/iframe><\/p>\n","protected":false},"excerpt":{"rendered":"Theresa est le nouveau Tony Blair ! Les Britanniques doivent rester fermes et exiger qu'elle arr\u00eate d'attaquer la Syrie ! Les manifestants se sont rassembl\u00e9s devant la r\u00e9sidence du premier","protected":false},"author":2,"featured_media":20012,"comment_status":"closed","ping_status":"open","sticky":false,"template":"","format":"standard","meta":[],"categories":[49],"tags":[],"_links":{"self":[{"href":"https:\/\/www.lejournalduforkane.com\/index.php\/wp-json\/wp\/v2\/posts\/19998"}],"collection":[{"href":"https:\/\/www.lejournalduforkane.com\/index.php\/wp-json\/wp\/v2\/posts"}],"about":[{"href":"https:\/\/www.lejournalduforkane.com\/index.php\/wp-json\/wp\/v2\/types\/post"}],"author":[{"embeddable":true,"href":"https:\/\/www.lejournalduforkane.com\/index.php\/wp-json\/wp\/v2\/users\/2"}],"replies":[{"embeddable":true,"href":"https:\/\/www.lejournalduforkane.com\/index.php\/wp-json\/wp\/v2\/comments?post=19998"}],"version-history":[{"count":2,"href":"https:\/\/www.lejournalduforkane.com\/index.php\/wp-json\/wp\/v2\/posts\/19998\/revisions"}],"predecessor-version":[{"id":20011,"href":"https:\/\/www.lejournalduforkane.com\/index.php\/wp-json\/wp\/v2\/posts\/19998\/revisions\/20011"}],"wp:featuredmedia":[{"embeddable":true,"href":"https:\/\/www.lejournalduforkane.com\/index.php\/wp-json\/wp\/v2\/media\/20012"}],"wp:attachment":[{"href":"https:\/\/www.lejournalduforkane.com\/index.php\/wp-json\/wp\/v2\/media?parent=19998"}],"wp:term":[{"taxonomy":"category","embeddable":true,"href":"https:\/\/www.lejournalduforkane.com\/index.php\/wp-json\/wp\/v2\/categories?post=19998"},{"taxonomy":"post_tag","embeddable":true,"href":"https:\/\/www.lejournalduforkane.com\/index.php\/wp-json\/wp\/v2\/tags?post=19998"}],"curies":[{"name":"wp","href":"https:\/\/api.w.org\/{rel}","templated":true}]}}