
{"id":20030,"date":"2018-04-17T20:08:27","date_gmt":"2018-04-17T20:08:27","guid":{"rendered":"https:\/\/www.lejournalduforkane.com\/?p=20030"},"modified":"2018-04-17T20:08:27","modified_gmt":"2018-04-17T20:08:27","slug":"video-la-realite-du-conflit-syrien-face-a-bourdin-par-une-experte-en-geopolitique-120418","status":"publish","type":"post","link":"https:\/\/www.lejournalduforkane.com\/index.php\/video-la-realite-du-conflit-syrien-face-a-bourdin-par-une-experte-en-geopolitique-120418\/","title":{"rendered":"[Vid\u00e9o] | La r\u00e9alit\u00e9 du conflit syrien face \u00e0 Bourdin, par une experte en g\u00e9opolitique ! (12\/04\/18)"},"content":{"rendered":"<p><!--more--><\/p>\n<p>[Vid\u00e9o] | La r\u00e9alit\u00e9 du conflit syrien face \u00e0 Bourdin, par une experte en g\u00e9opolitique ! (12\/04\/18)<br \/>\nC. Galact\u00e9ros Docteur en Science politique, colonel au sein de la r\u00e9serve op\u00e9rationnelle des arm\u00e9es, expose en dehors de la pens\u00e9e unique le conflit Syrien face \u00e0 Bourdin<\/p>\n<p><iframe loading=\"lazy\" src=\"https:\/\/www.youtube.com\/embed\/nbOlS0Ms978\" width=\"560\" height=\"315\" frameborder=\"0\" allowfullscreen=\"allowfullscreen\"><\/iframe><\/p>\n","protected":false},"excerpt":{"rendered":"[Vid\u00e9o] | La r\u00e9alit\u00e9 du conflit syrien face \u00e0 Bourdin, par une experte en g\u00e9opolitique ! (12\/04\/18) C. Galact\u00e9ros Docteur en Science politique, colonel au sein de la r\u00e9serve op\u00e9rationnelle","protected":false},"author":2,"featured_media":0,"comment_status":"closed","ping_status":"open","sticky":false,"template":"","format":"standard","meta":[],"categories":[49],"tags":[],"_links":{"self":[{"href":"https:\/\/www.lejournalduforkane.com\/index.php\/wp-json\/wp\/v2\/posts\/20030"}],"collection":[{"href":"https:\/\/www.lejournalduforkane.com\/index.php\/wp-json\/wp\/v2\/posts"}],"about":[{"href":"https:\/\/www.lejournalduforkane.com\/index.php\/wp-json\/wp\/v2\/types\/post"}],"author":[{"embeddable":true,"href":"https:\/\/www.lejournalduforkane.com\/index.php\/wp-json\/wp\/v2\/users\/2"}],"replies":[{"embeddable":true,"href":"https:\/\/www.lejournalduforkane.com\/index.php\/wp-json\/wp\/v2\/comments?post=20030"}],"version-history":[{"count":1,"href":"https:\/\/www.lejournalduforkane.com\/index.php\/wp-json\/wp\/v2\/posts\/20030\/revisions"}],"predecessor-version":[{"id":20032,"href":"https:\/\/www.lejournalduforkane.com\/index.php\/wp-json\/wp\/v2\/posts\/20030\/revisions\/20032"}],"wp:attachment":[{"href":"https:\/\/www.lejournalduforkane.com\/index.php\/wp-json\/wp\/v2\/media?parent=20030"}],"wp:term":[{"taxonomy":"category","embeddable":true,"href":"https:\/\/www.lejournalduforkane.com\/index.php\/wp-json\/wp\/v2\/categories?post=20030"},{"taxonomy":"post_tag","embeddable":true,"href":"https:\/\/www.lejournalduforkane.com\/index.php\/wp-json\/wp\/v2\/tags?post=20030"}],"curies":[{"name":"wp","href":"https:\/\/api.w.org\/{rel}","templated":true}]}}