
{"id":20033,"date":"2018-04-17T20:14:34","date_gmt":"2018-04-17T20:14:34","guid":{"rendered":"https:\/\/www.lejournalduforkane.com\/?p=20033"},"modified":"2018-04-17T20:14:34","modified_gmt":"2018-04-17T20:14:34","slug":"les-defenses-aeriennes-syriennes-ont-abattu-des-missiles-israeliens-penetrant-dans-lespace-aerien-syrien","status":"publish","type":"post","link":"https:\/\/www.lejournalduforkane.com\/index.php\/les-defenses-aeriennes-syriennes-ont-abattu-des-missiles-israeliens-penetrant-dans-lespace-aerien-syrien\/","title":{"rendered":"Les d\u00e9fenses a\u00e9riennes syriennes ont abattu des missiles isra\u00e9liens p\u00e9n\u00e9trant dans l&rsquo;espace a\u00e9rien syrien"},"content":{"rendered":"<p style=\"text-align: justify;\"><!--more--><\/p>\n<p style=\"text-align: justify;\">URGENT : Les d\u00e9fenses a\u00e9riennes syriennes ont abattu des missiles isra\u00e9liens p\u00e9n\u00e9trant dans l&rsquo;espace a\u00e9rien syrien, lanc\u00e9s depuis le Liban en ciblant les a\u00e9roports de Al shayarat &amp; Dumayr.<\/p>\n<p style=\"text-align: justify;\">6 missiles ont \u00e9t\u00e9 lanc\u00e9s sur Shuayrat &amp; 3 \u00e0 Dumayr &#8211; total de 9 missiles. Ils ont tous \u00e9t\u00e9 d\u00e9truits par la d\u00e9fense a\u00e9rienne syrienne.<\/p>\n<p style=\"text-align: justify;\">\n<p style=\"text-align: justify;\">\n<p><iframe loading=\"lazy\" width=\"620\" height=\"405\" src=\"\/\/rutube.ru\/play\/embed\/11077971\" frameborder=\"0\" webkitAllowFullScreen mozallowfullscreen allowfullscreen><\/iframe><\/p>\n","protected":false},"excerpt":{"rendered":"URGENT : Les d\u00e9fenses a\u00e9riennes syriennes ont abattu des missiles isra\u00e9liens p\u00e9n\u00e9trant dans l'espace a\u00e9rien syrien, lanc\u00e9s depuis le Liban en ciblant les a\u00e9roports de Al shayarat &amp; Dumayr. 6","protected":false},"author":2,"featured_media":0,"comment_status":"closed","ping_status":"open","sticky":false,"template":"","format":"standard","meta":[],"categories":[49],"tags":[],"_links":{"self":[{"href":"https:\/\/www.lejournalduforkane.com\/index.php\/wp-json\/wp\/v2\/posts\/20033"}],"collection":[{"href":"https:\/\/www.lejournalduforkane.com\/index.php\/wp-json\/wp\/v2\/posts"}],"about":[{"href":"https:\/\/www.lejournalduforkane.com\/index.php\/wp-json\/wp\/v2\/types\/post"}],"author":[{"embeddable":true,"href":"https:\/\/www.lejournalduforkane.com\/index.php\/wp-json\/wp\/v2\/users\/2"}],"replies":[{"embeddable":true,"href":"https:\/\/www.lejournalduforkane.com\/index.php\/wp-json\/wp\/v2\/comments?post=20033"}],"version-history":[{"count":1,"href":"https:\/\/www.lejournalduforkane.com\/index.php\/wp-json\/wp\/v2\/posts\/20033\/revisions"}],"predecessor-version":[{"id":20037,"href":"https:\/\/www.lejournalduforkane.com\/index.php\/wp-json\/wp\/v2\/posts\/20033\/revisions\/20037"}],"wp:attachment":[{"href":"https:\/\/www.lejournalduforkane.com\/index.php\/wp-json\/wp\/v2\/media?parent=20033"}],"wp:term":[{"taxonomy":"category","embeddable":true,"href":"https:\/\/www.lejournalduforkane.com\/index.php\/wp-json\/wp\/v2\/categories?post=20033"},{"taxonomy":"post_tag","embeddable":true,"href":"https:\/\/www.lejournalduforkane.com\/index.php\/wp-json\/wp\/v2\/tags?post=20033"}],"curies":[{"name":"wp","href":"https:\/\/api.w.org\/{rel}","templated":true}]}}