
{"id":20053,"date":"2018-04-19T20:24:20","date_gmt":"2018-04-19T20:24:20","guid":{"rendered":"https:\/\/www.lejournalduforkane.com\/?p=20053"},"modified":"2018-04-19T20:24:20","modified_gmt":"2018-04-19T20:24:20","slug":"richard-labeviere-ancien-redacteur-en-chef-a-rfi-devoile-le-complot-contre-la-syrie","status":"publish","type":"post","link":"https:\/\/www.lejournalduforkane.com\/index.php\/richard-labeviere-ancien-redacteur-en-chef-a-rfi-devoile-le-complot-contre-la-syrie\/","title":{"rendered":"Richard Lab\u00e9vi\u00e8re (ancien r\u00e9dacteur en chef \u00e0 RFI) d\u00e9voile le complot contre la Syrie"},"content":{"rendered":"<p><!--more--><\/p>\n<p>Richard Lab\u00e9vi\u00e8re (ancien r\u00e9dacteur en chef \u00e0 RFI) d\u00e9voile le complot contre la Syrie : Casques blancs, OSDH\u2026<\/p>\n<p>Le journaliste nous explique aussi que les casques blancs ont \u00e9t\u00e9 cr\u00e9es par les services secrets britanniques\u2026<\/p>\n<p>Merci a cette journaliste tr\u00e8s professionnelle qui signale la manipulation de TF1 ET LCI avec l&rsquo;image a la minute 6m20.<\/p>\n<p>VIDEO A VOIR ET A PARTAGER<\/p>\n<p><iframe loading=\"lazy\" width=\"620\" height=\"405\" src=\"\/\/rutube.ru\/play\/embed\/11083261\" frameborder=\"0\" webkitAllowFullScreen mozallowfullscreen allowfullscreen><\/iframe><\/p>\n","protected":false},"excerpt":{"rendered":"Richard Lab\u00e9vi\u00e8re (ancien r\u00e9dacteur en chef \u00e0 RFI) d\u00e9voile le complot contre la Syrie : Casques blancs, OSDH\u2026 Le journaliste nous explique aussi que les casques blancs ont \u00e9t\u00e9 cr\u00e9es","protected":false},"author":2,"featured_media":0,"comment_status":"closed","ping_status":"open","sticky":false,"template":"","format":"standard","meta":[],"categories":[49],"tags":[],"_links":{"self":[{"href":"https:\/\/www.lejournalduforkane.com\/index.php\/wp-json\/wp\/v2\/posts\/20053"}],"collection":[{"href":"https:\/\/www.lejournalduforkane.com\/index.php\/wp-json\/wp\/v2\/posts"}],"about":[{"href":"https:\/\/www.lejournalduforkane.com\/index.php\/wp-json\/wp\/v2\/types\/post"}],"author":[{"embeddable":true,"href":"https:\/\/www.lejournalduforkane.com\/index.php\/wp-json\/wp\/v2\/users\/2"}],"replies":[{"embeddable":true,"href":"https:\/\/www.lejournalduforkane.com\/index.php\/wp-json\/wp\/v2\/comments?post=20053"}],"version-history":[{"count":1,"href":"https:\/\/www.lejournalduforkane.com\/index.php\/wp-json\/wp\/v2\/posts\/20053\/revisions"}],"predecessor-version":[{"id":20055,"href":"https:\/\/www.lejournalduforkane.com\/index.php\/wp-json\/wp\/v2\/posts\/20053\/revisions\/20055"}],"wp:attachment":[{"href":"https:\/\/www.lejournalduforkane.com\/index.php\/wp-json\/wp\/v2\/media?parent=20053"}],"wp:term":[{"taxonomy":"category","embeddable":true,"href":"https:\/\/www.lejournalduforkane.com\/index.php\/wp-json\/wp\/v2\/categories?post=20053"},{"taxonomy":"post_tag","embeddable":true,"href":"https:\/\/www.lejournalduforkane.com\/index.php\/wp-json\/wp\/v2\/tags?post=20053"}],"curies":[{"name":"wp","href":"https:\/\/api.w.org\/{rel}","templated":true}]}}