
{"id":20059,"date":"2018-04-21T15:37:39","date_gmt":"2018-04-21T15:37:39","guid":{"rendered":"https:\/\/www.lejournalduforkane.com\/?p=20059"},"modified":"2018-04-21T15:37:39","modified_gmt":"2018-04-21T15:37:39","slug":"regardez-ce-courageux-medecin-palestinien-qui-a-ete-blesse-par-un-sniper-israelien-dans-le-bras-mais-il-continue-a-aider-les-blesses","status":"publish","type":"post","link":"https:\/\/www.lejournalduforkane.com\/index.php\/regardez-ce-courageux-medecin-palestinien-qui-a-ete-blesse-par-un-sniper-israelien-dans-le-bras-mais-il-continue-a-aider-les-blesses\/","title":{"rendered":"Regardez ce courageux m\u00e9decin palestinien qui a \u00e9t\u00e9 bless\u00e9 par un sniper isra\u00e9lien dans le bras, mais il continue \u00e0 aider les bless\u00e9s."},"content":{"rendered":"<p><!--more--><\/p>\n<p><iframe loading=\"lazy\" width=\"620\" height=\"405\" src=\"\/\/rutube.ru\/play\/embed\/11089251\" frameborder=\"0\" webkitAllowFullScreen mozallowfullscreen allowfullscreen><\/iframe><\/p>\n","protected":false},"excerpt":{"rendered":"","protected":false},"author":2,"featured_media":0,"comment_status":"closed","ping_status":"open","sticky":false,"template":"","format":"standard","meta":[],"categories":[49],"tags":[],"_links":{"self":[{"href":"https:\/\/www.lejournalduforkane.com\/index.php\/wp-json\/wp\/v2\/posts\/20059"}],"collection":[{"href":"https:\/\/www.lejournalduforkane.com\/index.php\/wp-json\/wp\/v2\/posts"}],"about":[{"href":"https:\/\/www.lejournalduforkane.com\/index.php\/wp-json\/wp\/v2\/types\/post"}],"author":[{"embeddable":true,"href":"https:\/\/www.lejournalduforkane.com\/index.php\/wp-json\/wp\/v2\/users\/2"}],"replies":[{"embeddable":true,"href":"https:\/\/www.lejournalduforkane.com\/index.php\/wp-json\/wp\/v2\/comments?post=20059"}],"version-history":[{"count":1,"href":"https:\/\/www.lejournalduforkane.com\/index.php\/wp-json\/wp\/v2\/posts\/20059\/revisions"}],"predecessor-version":[{"id":20061,"href":"https:\/\/www.lejournalduforkane.com\/index.php\/wp-json\/wp\/v2\/posts\/20059\/revisions\/20061"}],"wp:attachment":[{"href":"https:\/\/www.lejournalduforkane.com\/index.php\/wp-json\/wp\/v2\/media?parent=20059"}],"wp:term":[{"taxonomy":"category","embeddable":true,"href":"https:\/\/www.lejournalduforkane.com\/index.php\/wp-json\/wp\/v2\/categories?post=20059"},{"taxonomy":"post_tag","embeddable":true,"href":"https:\/\/www.lejournalduforkane.com\/index.php\/wp-json\/wp\/v2\/tags?post=20059"}],"curies":[{"name":"wp","href":"https:\/\/api.w.org\/{rel}","templated":true}]}}