
{"id":20079,"date":"2018-04-22T13:56:59","date_gmt":"2018-04-22T13:56:59","guid":{"rendered":"https:\/\/www.lejournalduforkane.com\/?p=20079"},"modified":"2018-04-22T13:56:59","modified_gmt":"2018-04-22T13:56:59","slug":"imam-sayyid-ali-khamenei-ceux-qui-autrefois-ont-soutenu-daesh-pretendent-sopposer-a-eux-cest-un-mensonge-apparent","status":"publish","type":"post","link":"https:\/\/www.lejournalduforkane.com\/index.php\/imam-sayyid-ali-khamenei-ceux-qui-autrefois-ont-soutenu-daesh-pretendent-sopposer-a-eux-cest-un-mensonge-apparent\/","title":{"rendered":"Imam Sayyid Ali Khamenei : Ceux qui, autrefois, ont soutenu Daesh pr\u00e9tendent s&rsquo;opposer \u00e0 eux : C&rsquo;est un mensonge apparent"},"content":{"rendered":"<p><!--more--><\/p>\n<p>Ceux qui, autrefois, ont soutenu Daesh, discr\u00e8tement ou ouvertement, pr\u00e9tendent s&rsquo;opposer \u00e0 eux aujourd&rsquo;hui et d&rsquo;une mani\u00e8re ou d&rsquo;une autre les vaincre : C&rsquo;est un mensonge apparent. Imam Sayyid Ali Khamenei, 16 avr 2018<\/p>\n<p><iframe loading=\"lazy\" width=\"620\" height=\"405\" src=\"\/\/rutube.ru\/play\/embed\/11090917\" frameborder=\"0\" webkitAllowFullScreen mozallowfullscreen allowfullscreen><\/iframe><\/p>\n","protected":false},"excerpt":{"rendered":"Ceux qui, autrefois, ont soutenu Daesh, discr\u00e8tement ou ouvertement, pr\u00e9tendent s'opposer \u00e0 eux aujourd'hui et d'une mani\u00e8re ou d'une autre les vaincre : C'est un mensonge apparent. Imam Sayyid Ali","protected":false},"author":2,"featured_media":0,"comment_status":"closed","ping_status":"open","sticky":false,"template":"","format":"standard","meta":[],"categories":[49],"tags":[],"_links":{"self":[{"href":"https:\/\/www.lejournalduforkane.com\/index.php\/wp-json\/wp\/v2\/posts\/20079"}],"collection":[{"href":"https:\/\/www.lejournalduforkane.com\/index.php\/wp-json\/wp\/v2\/posts"}],"about":[{"href":"https:\/\/www.lejournalduforkane.com\/index.php\/wp-json\/wp\/v2\/types\/post"}],"author":[{"embeddable":true,"href":"https:\/\/www.lejournalduforkane.com\/index.php\/wp-json\/wp\/v2\/users\/2"}],"replies":[{"embeddable":true,"href":"https:\/\/www.lejournalduforkane.com\/index.php\/wp-json\/wp\/v2\/comments?post=20079"}],"version-history":[{"count":1,"href":"https:\/\/www.lejournalduforkane.com\/index.php\/wp-json\/wp\/v2\/posts\/20079\/revisions"}],"predecessor-version":[{"id":20081,"href":"https:\/\/www.lejournalduforkane.com\/index.php\/wp-json\/wp\/v2\/posts\/20079\/revisions\/20081"}],"wp:attachment":[{"href":"https:\/\/www.lejournalduforkane.com\/index.php\/wp-json\/wp\/v2\/media?parent=20079"}],"wp:term":[{"taxonomy":"category","embeddable":true,"href":"https:\/\/www.lejournalduforkane.com\/index.php\/wp-json\/wp\/v2\/categories?post=20079"},{"taxonomy":"post_tag","embeddable":true,"href":"https:\/\/www.lejournalduforkane.com\/index.php\/wp-json\/wp\/v2\/tags?post=20079"}],"curies":[{"name":"wp","href":"https:\/\/api.w.org\/{rel}","templated":true}]}}