
{"id":20124,"date":"2018-04-29T07:10:38","date_gmt":"2018-04-29T07:10:38","guid":{"rendered":"https:\/\/www.lejournalduforkane.com\/?p=20124"},"modified":"2018-04-29T07:10:38","modified_gmt":"2018-04-29T07:10:38","slug":"le-journaliste-americain-pearson-sharp-de-lhopital-de-douma-en-syrie-aucune-personne-na-vu-aucun-signe-dune-attaque-chimique","status":"publish","type":"post","link":"https:\/\/www.lejournalduforkane.com\/index.php\/le-journaliste-americain-pearson-sharp-de-lhopital-de-douma-en-syrie-aucune-personne-na-vu-aucun-signe-dune-attaque-chimique\/","title":{"rendered":"Le journaliste am\u00e9ricain Pearson Sharp de l&rsquo;h\u00f4pital de Douma en Syrie : Aucune personne n&rsquo;a vu aucun signe d&rsquo;une attaque chimique"},"content":{"rendered":"<p><!--more--><\/p>\n<h2>Le journaliste am\u00e9ricain Pearson Sharp de l&rsquo;h\u00f4pital de Douma en Syrie :<\/h2>\n<h2>\u00ab\u00a0Nous avons parl\u00e9 \u00e0 des m\u00e9decins, un chirurgien, du personnel infirmier et un certain nombre de patients qui \u00e9taient \u00e0 l&rsquo;h\u00f4pital ce jour-l\u00e0. Aucune personne n&rsquo;a vu aucun signe d&rsquo;une attaque chimique. Et aucune mort n&rsquo;a \u00e9t\u00e9 enregistr\u00e9e ce jour-l\u00e0\u00a0\u00bb .<\/h2>\n<p><iframe loading=\"lazy\" src=\"\/\/rutube.ru\/play\/embed\/11105996\" width=\"620\" height=\"405\" frameborder=\"0\" allowfullscreen=\"allowfullscreen\"><\/iframe><\/p>\n","protected":false},"excerpt":{"rendered":"Le journaliste am\u00e9ricain Pearson Sharp de l'h\u00f4pital de Douma en Syrie : \"Nous avons parl\u00e9 \u00e0 des m\u00e9decins, un chirurgien, du personnel infirmier et un certain nombre de patients qui","protected":false},"author":2,"featured_media":0,"comment_status":"closed","ping_status":"open","sticky":false,"template":"","format":"standard","meta":[],"categories":[49],"tags":[],"_links":{"self":[{"href":"https:\/\/www.lejournalduforkane.com\/index.php\/wp-json\/wp\/v2\/posts\/20124"}],"collection":[{"href":"https:\/\/www.lejournalduforkane.com\/index.php\/wp-json\/wp\/v2\/posts"}],"about":[{"href":"https:\/\/www.lejournalduforkane.com\/index.php\/wp-json\/wp\/v2\/types\/post"}],"author":[{"embeddable":true,"href":"https:\/\/www.lejournalduforkane.com\/index.php\/wp-json\/wp\/v2\/users\/2"}],"replies":[{"embeddable":true,"href":"https:\/\/www.lejournalduforkane.com\/index.php\/wp-json\/wp\/v2\/comments?post=20124"}],"version-history":[{"count":1,"href":"https:\/\/www.lejournalduforkane.com\/index.php\/wp-json\/wp\/v2\/posts\/20124\/revisions"}],"predecessor-version":[{"id":20126,"href":"https:\/\/www.lejournalduforkane.com\/index.php\/wp-json\/wp\/v2\/posts\/20124\/revisions\/20126"}],"wp:attachment":[{"href":"https:\/\/www.lejournalduforkane.com\/index.php\/wp-json\/wp\/v2\/media?parent=20124"}],"wp:term":[{"taxonomy":"category","embeddable":true,"href":"https:\/\/www.lejournalduforkane.com\/index.php\/wp-json\/wp\/v2\/categories?post=20124"},{"taxonomy":"post_tag","embeddable":true,"href":"https:\/\/www.lejournalduforkane.com\/index.php\/wp-json\/wp\/v2\/tags?post=20124"}],"curies":[{"name":"wp","href":"https:\/\/api.w.org\/{rel}","templated":true}]}}