
{"id":20127,"date":"2018-04-29T07:15:12","date_gmt":"2018-04-29T07:15:12","guid":{"rendered":"https:\/\/www.lejournalduforkane.com\/?p=20127"},"modified":"2018-04-29T07:15:12","modified_gmt":"2018-04-29T07:15:12","slug":"17-temoins-disent-quil-ny-a-jamais-eu-dattaque-chimique-a-douma-cest-la-chaine-euronews-qui-en-parle-dans-son-journal-du-270418","status":"publish","type":"post","link":"https:\/\/www.lejournalduforkane.com\/index.php\/17-temoins-disent-quil-ny-a-jamais-eu-dattaque-chimique-a-douma-cest-la-chaine-euronews-qui-en-parle-dans-son-journal-du-270418\/","title":{"rendered":"17 t\u00e9moins disent qu&rsquo;il n&rsquo;y a jamais eu d&rsquo;attaque chimique \u00e0 Douma C&rsquo;est la cha\u00eene Euronews qui en parle dans son journal du 27\/04\/18 !!!"},"content":{"rendered":"<p><!--more--><\/p>\n<h3>\u00ab17 t\u00e9moins, dont des m\u00e9decins, t\u00e9moignent devant l&rsquo;OIAC (Organisation pour l&rsquo;Interdiction des Armes Chimiques) qu&rsquo;il n&rsquo;y a jamais eu d&rsquo;attaque chimique le 7 avril dernier \u00e0 Douma en Syrie. Seulement une mise en sc\u00e8ne \u00e0 l&rsquo;h\u00f4pital.\u00bb<\/h3>\n<p><iframe loading=\"lazy\" src=\"https:\/\/www.youtube.com\/embed\/h2t604i4giY\" width=\"560\" height=\"315\" frameborder=\"0\" allowfullscreen=\"allowfullscreen\"><\/iframe><\/p>\n","protected":false},"excerpt":{"rendered":"\u00ab17 t\u00e9moins, dont des m\u00e9decins, t\u00e9moignent devant l'OIAC (Organisation pour l'Interdiction des Armes Chimiques) qu'il n'y a jamais eu d'attaque chimique le 7 avril dernier \u00e0 Douma en Syrie. Seulement","protected":false},"author":2,"featured_media":0,"comment_status":"closed","ping_status":"open","sticky":false,"template":"","format":"standard","meta":[],"categories":[49],"tags":[],"_links":{"self":[{"href":"https:\/\/www.lejournalduforkane.com\/index.php\/wp-json\/wp\/v2\/posts\/20127"}],"collection":[{"href":"https:\/\/www.lejournalduforkane.com\/index.php\/wp-json\/wp\/v2\/posts"}],"about":[{"href":"https:\/\/www.lejournalduforkane.com\/index.php\/wp-json\/wp\/v2\/types\/post"}],"author":[{"embeddable":true,"href":"https:\/\/www.lejournalduforkane.com\/index.php\/wp-json\/wp\/v2\/users\/2"}],"replies":[{"embeddable":true,"href":"https:\/\/www.lejournalduforkane.com\/index.php\/wp-json\/wp\/v2\/comments?post=20127"}],"version-history":[{"count":1,"href":"https:\/\/www.lejournalduforkane.com\/index.php\/wp-json\/wp\/v2\/posts\/20127\/revisions"}],"predecessor-version":[{"id":20129,"href":"https:\/\/www.lejournalduforkane.com\/index.php\/wp-json\/wp\/v2\/posts\/20127\/revisions\/20129"}],"wp:attachment":[{"href":"https:\/\/www.lejournalduforkane.com\/index.php\/wp-json\/wp\/v2\/media?parent=20127"}],"wp:term":[{"taxonomy":"category","embeddable":true,"href":"https:\/\/www.lejournalduforkane.com\/index.php\/wp-json\/wp\/v2\/categories?post=20127"},{"taxonomy":"post_tag","embeddable":true,"href":"https:\/\/www.lejournalduforkane.com\/index.php\/wp-json\/wp\/v2\/tags?post=20127"}],"curies":[{"name":"wp","href":"https:\/\/api.w.org\/{rel}","templated":true}]}}