
{"id":20156,"date":"2018-05-02T19:24:31","date_gmt":"2018-05-02T19:24:31","guid":{"rendered":"https:\/\/www.lejournalduforkane.com\/?p=20156"},"modified":"2018-05-02T19:24:31","modified_gmt":"2018-05-02T19:24:31","slug":"le-fsb-arrete-4-terroristes-salafistes-planifiant-des-attentats-a-moscou","status":"publish","type":"post","link":"https:\/\/www.lejournalduforkane.com\/index.php\/le-fsb-arrete-4-terroristes-salafistes-planifiant-des-attentats-a-moscou\/","title":{"rendered":"Le FSB arr\u00eate 4 terroristes salafistes planifiant des attentats \u00e0 Moscou"},"content":{"rendered":"<p style=\"text-align: justify;\"><!--more--><\/p>\n<p style=\"text-align: justify;\">Le Service f\u00e9d\u00e9ral de s\u00e9curit\u00e9 russe a appr\u00e9hend\u00e9 quatre membres d\u2019une cellule \u00abdormante\u00bb de Daesh qui planifiaient de commettre des attentats dans la capitale russe. Les terroristes venaient de la ville de Novy Ourengo\u00ef.<\/p>\n<p style=\"text-align: justify;\">Lors de l\u2019op\u00e9ration sp\u00e9ciale les agents de la s\u00e9curit\u00e9 ont \u00e9galement mis au jour un r\u00e9seau de complices des terroristes.<\/p>\n<p><iframe loading=\"lazy\" src=\"https:\/\/www.youtube.com\/embed\/VjgG7PtzQ48\" width=\"560\" height=\"315\" frameborder=\"0\" allowfullscreen=\"allowfullscreen\"><\/iframe><\/p>\n","protected":false},"excerpt":{"rendered":"Le Service f\u00e9d\u00e9ral de s\u00e9curit\u00e9 russe a appr\u00e9hend\u00e9 quatre membres d\u2019une cellule \u00abdormante\u00bb de Daesh qui planifiaient de commettre des attentats dans la capitale russe. Les terroristes venaient de la","protected":false},"author":2,"featured_media":0,"comment_status":"closed","ping_status":"open","sticky":false,"template":"","format":"standard","meta":[],"categories":[49],"tags":[],"_links":{"self":[{"href":"https:\/\/www.lejournalduforkane.com\/index.php\/wp-json\/wp\/v2\/posts\/20156"}],"collection":[{"href":"https:\/\/www.lejournalduforkane.com\/index.php\/wp-json\/wp\/v2\/posts"}],"about":[{"href":"https:\/\/www.lejournalduforkane.com\/index.php\/wp-json\/wp\/v2\/types\/post"}],"author":[{"embeddable":true,"href":"https:\/\/www.lejournalduforkane.com\/index.php\/wp-json\/wp\/v2\/users\/2"}],"replies":[{"embeddable":true,"href":"https:\/\/www.lejournalduforkane.com\/index.php\/wp-json\/wp\/v2\/comments?post=20156"}],"version-history":[{"count":1,"href":"https:\/\/www.lejournalduforkane.com\/index.php\/wp-json\/wp\/v2\/posts\/20156\/revisions"}],"predecessor-version":[{"id":20158,"href":"https:\/\/www.lejournalduforkane.com\/index.php\/wp-json\/wp\/v2\/posts\/20156\/revisions\/20158"}],"wp:attachment":[{"href":"https:\/\/www.lejournalduforkane.com\/index.php\/wp-json\/wp\/v2\/media?parent=20156"}],"wp:term":[{"taxonomy":"category","embeddable":true,"href":"https:\/\/www.lejournalduforkane.com\/index.php\/wp-json\/wp\/v2\/categories?post=20156"},{"taxonomy":"post_tag","embeddable":true,"href":"https:\/\/www.lejournalduforkane.com\/index.php\/wp-json\/wp\/v2\/tags?post=20156"}],"curies":[{"name":"wp","href":"https:\/\/api.w.org\/{rel}","templated":true}]}}