
{"id":20159,"date":"2018-05-02T19:30:50","date_gmt":"2018-05-02T19:30:50","guid":{"rendered":"https:\/\/www.lejournalduforkane.com\/?p=20159"},"modified":"2018-05-02T19:30:50","modified_gmt":"2018-05-02T19:30:50","slug":"un-porte-parole-de-larmee-israelienne-a-dit-aux-femmes-palestiniennes-de-rester-a-la-maison-parce-que-manifester-etait-contre-la-nature-feminine","status":"publish","type":"post","link":"https:\/\/www.lejournalduforkane.com\/index.php\/un-porte-parole-de-larmee-israelienne-a-dit-aux-femmes-palestiniennes-de-rester-a-la-maison-parce-que-manifester-etait-contre-la-nature-feminine\/","title":{"rendered":"Un porte-Parole de l&rsquo;arm\u00e9e isra\u00e9lienne a dit aux femmes palestiniennes de rester \u00e0 la maison parce que manifester \u00e9tait contre \u00ab\u00a0la nature f\u00e9minine\u00a0\u00bb!"},"content":{"rendered":"<p><!--more--><\/p>\n<p>Un porte-Parole de l&rsquo;arm\u00e9e isra\u00e9lienne a dit aux femmes palestiniennes de rester \u00e0 la maison parce que manifester \u00e9tait contre \u00ab\u00a0la nature f\u00e9minine\u00a0\u00bb!<\/p>\n<p>A-T-il raison ?<\/p>\n<p>&nbsp;<br \/>\n<iframe loading=\"lazy\" width=\"620\" height=\"405\" src=\"\/\/rutube.ru\/play\/embed\/11112725\" frameborder=\"0\" webkitAllowFullScreen mozallowfullscreen allowfullscreen><\/iframe><\/p>\n","protected":false},"excerpt":{"rendered":"Un porte-Parole de l'arm\u00e9e isra\u00e9lienne a dit aux femmes palestiniennes de rester \u00e0 la maison parce que manifester \u00e9tait contre \"la nature f\u00e9minine\"! A-T-il raison ? &nbsp;","protected":false},"author":2,"featured_media":0,"comment_status":"closed","ping_status":"open","sticky":false,"template":"","format":"standard","meta":[],"categories":[49],"tags":[],"_links":{"self":[{"href":"https:\/\/www.lejournalduforkane.com\/index.php\/wp-json\/wp\/v2\/posts\/20159"}],"collection":[{"href":"https:\/\/www.lejournalduforkane.com\/index.php\/wp-json\/wp\/v2\/posts"}],"about":[{"href":"https:\/\/www.lejournalduforkane.com\/index.php\/wp-json\/wp\/v2\/types\/post"}],"author":[{"embeddable":true,"href":"https:\/\/www.lejournalduforkane.com\/index.php\/wp-json\/wp\/v2\/users\/2"}],"replies":[{"embeddable":true,"href":"https:\/\/www.lejournalduforkane.com\/index.php\/wp-json\/wp\/v2\/comments?post=20159"}],"version-history":[{"count":1,"href":"https:\/\/www.lejournalduforkane.com\/index.php\/wp-json\/wp\/v2\/posts\/20159\/revisions"}],"predecessor-version":[{"id":20161,"href":"https:\/\/www.lejournalduforkane.com\/index.php\/wp-json\/wp\/v2\/posts\/20159\/revisions\/20161"}],"wp:attachment":[{"href":"https:\/\/www.lejournalduforkane.com\/index.php\/wp-json\/wp\/v2\/media?parent=20159"}],"wp:term":[{"taxonomy":"category","embeddable":true,"href":"https:\/\/www.lejournalduforkane.com\/index.php\/wp-json\/wp\/v2\/categories?post=20159"},{"taxonomy":"post_tag","embeddable":true,"href":"https:\/\/www.lejournalduforkane.com\/index.php\/wp-json\/wp\/v2\/tags?post=20159"}],"curies":[{"name":"wp","href":"https:\/\/api.w.org\/{rel}","templated":true}]}}