
{"id":20162,"date":"2018-05-02T19:36:22","date_gmt":"2018-05-02T19:36:22","guid":{"rendered":"https:\/\/www.lejournalduforkane.com\/?p=20162"},"modified":"2018-05-02T19:36:22","modified_gmt":"2018-05-02T19:36:22","slug":"gaza-2018-la-plus-grande-prison-a-ciel-ouvert-made-in-israel","status":"publish","type":"post","link":"https:\/\/www.lejournalduforkane.com\/index.php\/gaza-2018-la-plus-grande-prison-a-ciel-ouvert-made-in-israel\/","title":{"rendered":"Gaza 2018 : la plus grande prison \u00e0 ciel ouvert, made in Isra\u00ebl"},"content":{"rendered":"<p><!--more--><\/p>\n<p>Gaza 2018 : la plus grande prison \u00e0 ciel ouvert, made in Isra\u00ebl. On vous explique pourquoi.<\/p>\n<p>Partager &#8230; Pour &#8230; D\u00e9noncer !<\/p>\n<p><iframe loading=\"lazy\" width=\"720\" height=\"405\" src=\"\/\/rutube.ru\/play\/embed\/11112734\" frameborder=\"0\" webkitAllowFullScreen mozallowfullscreen allowfullscreen><\/iframe><\/p>\n","protected":false},"excerpt":{"rendered":"Gaza 2018 : la plus grande prison \u00e0 ciel ouvert, made in Isra\u00ebl. On vous explique pourquoi. Partager ... Pour ... D\u00e9noncer !","protected":false},"author":2,"featured_media":0,"comment_status":"closed","ping_status":"open","sticky":false,"template":"","format":"standard","meta":[],"categories":[49],"tags":[],"_links":{"self":[{"href":"https:\/\/www.lejournalduforkane.com\/index.php\/wp-json\/wp\/v2\/posts\/20162"}],"collection":[{"href":"https:\/\/www.lejournalduforkane.com\/index.php\/wp-json\/wp\/v2\/posts"}],"about":[{"href":"https:\/\/www.lejournalduforkane.com\/index.php\/wp-json\/wp\/v2\/types\/post"}],"author":[{"embeddable":true,"href":"https:\/\/www.lejournalduforkane.com\/index.php\/wp-json\/wp\/v2\/users\/2"}],"replies":[{"embeddable":true,"href":"https:\/\/www.lejournalduforkane.com\/index.php\/wp-json\/wp\/v2\/comments?post=20162"}],"version-history":[{"count":1,"href":"https:\/\/www.lejournalduforkane.com\/index.php\/wp-json\/wp\/v2\/posts\/20162\/revisions"}],"predecessor-version":[{"id":20165,"href":"https:\/\/www.lejournalduforkane.com\/index.php\/wp-json\/wp\/v2\/posts\/20162\/revisions\/20165"}],"wp:attachment":[{"href":"https:\/\/www.lejournalduforkane.com\/index.php\/wp-json\/wp\/v2\/media?parent=20162"}],"wp:term":[{"taxonomy":"category","embeddable":true,"href":"https:\/\/www.lejournalduforkane.com\/index.php\/wp-json\/wp\/v2\/categories?post=20162"},{"taxonomy":"post_tag","embeddable":true,"href":"https:\/\/www.lejournalduforkane.com\/index.php\/wp-json\/wp\/v2\/tags?post=20162"}],"curies":[{"name":"wp","href":"https:\/\/api.w.org\/{rel}","templated":true}]}}