
{"id":20164,"date":"2018-05-02T19:37:26","date_gmt":"2018-05-02T19:37:26","guid":{"rendered":"https:\/\/www.lejournalduforkane.com\/?p=20164"},"modified":"2018-05-02T19:37:26","modified_gmt":"2018-05-02T19:37:26","slug":"video-regardez-comment-france-2-ment-aux-francais-au-sujet-de-la-syrie","status":"publish","type":"post","link":"https:\/\/www.lejournalduforkane.com\/index.php\/video-regardez-comment-france-2-ment-aux-francais-au-sujet-de-la-syrie\/","title":{"rendered":"[Vid\u00e9o] | Regardez comment France 2 ment aux fran\u00e7ais au sujet de la Syrie !"},"content":{"rendered":"<p><!--more--><\/p>\n<p>[Vid\u00e9o] | Regardez comment France 2 ment aux fran\u00e7ais au sujet de la Syrie !<\/p>\n<p>France 2 veut faire croire que les frappes am\u00e9ricaines sont bonnes et que les frappes a\u00e9riennes russes sont mauvaises !!!<\/p>\n<p><iframe loading=\"lazy\" width=\"560\" height=\"315\" src=\"https:\/\/www.youtube.com\/embed\/q8B4d0wXFns\" frameborder=\"0\" allow=\"autoplay; encrypted-media\" allowfullscreen><\/iframe><\/p>\n","protected":false},"excerpt":{"rendered":"[Vid\u00e9o] | Regardez comment France 2 ment aux fran\u00e7ais au sujet de la Syrie ! France 2 veut faire croire que les frappes am\u00e9ricaines sont bonnes et que les frappes","protected":false},"author":2,"featured_media":0,"comment_status":"closed","ping_status":"open","sticky":false,"template":"","format":"standard","meta":[],"categories":[49],"tags":[],"_links":{"self":[{"href":"https:\/\/www.lejournalduforkane.com\/index.php\/wp-json\/wp\/v2\/posts\/20164"}],"collection":[{"href":"https:\/\/www.lejournalduforkane.com\/index.php\/wp-json\/wp\/v2\/posts"}],"about":[{"href":"https:\/\/www.lejournalduforkane.com\/index.php\/wp-json\/wp\/v2\/types\/post"}],"author":[{"embeddable":true,"href":"https:\/\/www.lejournalduforkane.com\/index.php\/wp-json\/wp\/v2\/users\/2"}],"replies":[{"embeddable":true,"href":"https:\/\/www.lejournalduforkane.com\/index.php\/wp-json\/wp\/v2\/comments?post=20164"}],"version-history":[{"count":1,"href":"https:\/\/www.lejournalduforkane.com\/index.php\/wp-json\/wp\/v2\/posts\/20164\/revisions"}],"predecessor-version":[{"id":20167,"href":"https:\/\/www.lejournalduforkane.com\/index.php\/wp-json\/wp\/v2\/posts\/20164\/revisions\/20167"}],"wp:attachment":[{"href":"https:\/\/www.lejournalduforkane.com\/index.php\/wp-json\/wp\/v2\/media?parent=20164"}],"wp:term":[{"taxonomy":"category","embeddable":true,"href":"https:\/\/www.lejournalduforkane.com\/index.php\/wp-json\/wp\/v2\/categories?post=20164"},{"taxonomy":"post_tag","embeddable":true,"href":"https:\/\/www.lejournalduforkane.com\/index.php\/wp-json\/wp\/v2\/tags?post=20164"}],"curies":[{"name":"wp","href":"https:\/\/api.w.org\/{rel}","templated":true}]}}