
{"id":20174,"date":"2018-05-02T19:44:41","date_gmt":"2018-05-02T19:44:41","guid":{"rendered":"https:\/\/www.lejournalduforkane.com\/?p=20174"},"modified":"2018-05-02T19:44:41","modified_gmt":"2018-05-02T19:44:41","slug":"a-loccasion-du-1-mai-les-travailleurs-syriens-reiterent-encore-davantage-leur-engagement-pour-la-reconstruction-de-leur-pays","status":"publish","type":"post","link":"https:\/\/www.lejournalduforkane.com\/index.php\/a-loccasion-du-1-mai-les-travailleurs-syriens-reiterent-encore-davantage-leur-engagement-pour-la-reconstruction-de-leur-pays\/","title":{"rendered":"A L&rsquo;OCCASION DU 1 mai, les travailleurs syriens r\u00e9it\u00e8rent encore davantage leur engagement pour la reconstruction de leur pays"},"content":{"rendered":"<p><!--more--><\/p>\n<p>A L&rsquo;OCCASION DU 1 mai, les travailleurs syriens r\u00e9it\u00e8rent encore davantage leur engagement pour la reconstruction de leur pays apr\u00e8s 7 ans de guerre par les bandes terroristes soutenues par l&rsquo;Otan, Isra\u00ebl, la Turquie et les monarchies du Golfe.<\/p>\n<p><iframe loading=\"lazy\" width=\"620\" height=\"405\" src=\"\/\/rutube.ru\/play\/embed\/11112762\" frameborder=\"0\" webkitAllowFullScreen mozallowfullscreen allowfullscreen><\/iframe><\/p>\n","protected":false},"excerpt":{"rendered":"A L'OCCASION DU 1 mai, les travailleurs syriens r\u00e9it\u00e8rent encore davantage leur engagement pour la reconstruction de leur pays apr\u00e8s 7 ans de guerre par les bandes terroristes soutenues par","protected":false},"author":2,"featured_media":0,"comment_status":"closed","ping_status":"open","sticky":false,"template":"","format":"standard","meta":[],"categories":[49],"tags":[],"_links":{"self":[{"href":"https:\/\/www.lejournalduforkane.com\/index.php\/wp-json\/wp\/v2\/posts\/20174"}],"collection":[{"href":"https:\/\/www.lejournalduforkane.com\/index.php\/wp-json\/wp\/v2\/posts"}],"about":[{"href":"https:\/\/www.lejournalduforkane.com\/index.php\/wp-json\/wp\/v2\/types\/post"}],"author":[{"embeddable":true,"href":"https:\/\/www.lejournalduforkane.com\/index.php\/wp-json\/wp\/v2\/users\/2"}],"replies":[{"embeddable":true,"href":"https:\/\/www.lejournalduforkane.com\/index.php\/wp-json\/wp\/v2\/comments?post=20174"}],"version-history":[{"count":1,"href":"https:\/\/www.lejournalduforkane.com\/index.php\/wp-json\/wp\/v2\/posts\/20174\/revisions"}],"predecessor-version":[{"id":20176,"href":"https:\/\/www.lejournalduforkane.com\/index.php\/wp-json\/wp\/v2\/posts\/20174\/revisions\/20176"}],"wp:attachment":[{"href":"https:\/\/www.lejournalduforkane.com\/index.php\/wp-json\/wp\/v2\/media?parent=20174"}],"wp:term":[{"taxonomy":"category","embeddable":true,"href":"https:\/\/www.lejournalduforkane.com\/index.php\/wp-json\/wp\/v2\/categories?post=20174"},{"taxonomy":"post_tag","embeddable":true,"href":"https:\/\/www.lejournalduforkane.com\/index.php\/wp-json\/wp\/v2\/tags?post=20174"}],"curies":[{"name":"wp","href":"https:\/\/api.w.org\/{rel}","templated":true}]}}