
{"id":20198,"date":"2018-05-06T18:39:05","date_gmt":"2018-05-06T18:39:05","guid":{"rendered":"https:\/\/www.lejournalduforkane.com\/?p=20198"},"modified":"2018-05-06T18:39:05","modified_gmt":"2018-05-06T18:39:05","slug":"video-choc-de-migrants-humilies-a-tel-aviv","status":"publish","type":"post","link":"https:\/\/www.lejournalduforkane.com\/index.php\/video-choc-de-migrants-humilies-a-tel-aviv\/","title":{"rendered":"Vid\u00e9o choc de migrants humili\u00e9s \u00e0 Tel-Aviv"},"content":{"rendered":"<p><!--more--><\/p>\n<p>\u00c0 quoi ressemble le racisme au 21 \u00e8me si\u00e8cle ? Vid\u00e9o choc de migrants humili\u00e9s \u00e0 Tel-Aviv On y voit un jeune migrant humili\u00e9 par un isra\u00e9lien tr\u00e8s amus\u00e9 de la situation. La sc\u00e8ne s\u2019est d\u00e9roul\u00e9e \u00e0 Tel-Aviv, en Isra\u00ebl\u2026<\/p>\n<p>&nbsp;<\/p>\n<p><iframe loading=\"lazy\" width=\"620\" height=\"405\" src=\"\/\/rutube.ru\/play\/embed\/11120045\" frameborder=\"0\" webkitAllowFullScreen mozallowfullscreen allowfullscreen><\/iframe><\/p>\n","protected":false},"excerpt":{"rendered":"\u00c0 quoi ressemble le racisme au 21 \u00e8me si\u00e8cle ? Vid\u00e9o choc de migrants humili\u00e9s \u00e0 Tel-Aviv On y voit un jeune migrant humili\u00e9 par un isra\u00e9lien tr\u00e8s amus\u00e9 de","protected":false},"author":2,"featured_media":0,"comment_status":"closed","ping_status":"open","sticky":false,"template":"","format":"standard","meta":[],"categories":[49],"tags":[],"_links":{"self":[{"href":"https:\/\/www.lejournalduforkane.com\/index.php\/wp-json\/wp\/v2\/posts\/20198"}],"collection":[{"href":"https:\/\/www.lejournalduforkane.com\/index.php\/wp-json\/wp\/v2\/posts"}],"about":[{"href":"https:\/\/www.lejournalduforkane.com\/index.php\/wp-json\/wp\/v2\/types\/post"}],"author":[{"embeddable":true,"href":"https:\/\/www.lejournalduforkane.com\/index.php\/wp-json\/wp\/v2\/users\/2"}],"replies":[{"embeddable":true,"href":"https:\/\/www.lejournalduforkane.com\/index.php\/wp-json\/wp\/v2\/comments?post=20198"}],"version-history":[{"count":1,"href":"https:\/\/www.lejournalduforkane.com\/index.php\/wp-json\/wp\/v2\/posts\/20198\/revisions"}],"predecessor-version":[{"id":20200,"href":"https:\/\/www.lejournalduforkane.com\/index.php\/wp-json\/wp\/v2\/posts\/20198\/revisions\/20200"}],"wp:attachment":[{"href":"https:\/\/www.lejournalduforkane.com\/index.php\/wp-json\/wp\/v2\/media?parent=20198"}],"wp:term":[{"taxonomy":"category","embeddable":true,"href":"https:\/\/www.lejournalduforkane.com\/index.php\/wp-json\/wp\/v2\/categories?post=20198"},{"taxonomy":"post_tag","embeddable":true,"href":"https:\/\/www.lejournalduforkane.com\/index.php\/wp-json\/wp\/v2\/tags?post=20198"}],"curies":[{"name":"wp","href":"https:\/\/api.w.org\/{rel}","templated":true}]}}