
{"id":20207,"date":"2018-05-06T18:56:13","date_gmt":"2018-05-06T18:56:13","guid":{"rendered":"https:\/\/www.lejournalduforkane.com\/?p=20207"},"modified":"2018-05-06T18:56:13","modified_gmt":"2018-05-06T18:56:13","slug":"les-femmes-palestiniennes-ont-toujours-fait-partie-integrante-de-la-lutte-palestinienne-pour-la-liberte-et-la-liberation","status":"publish","type":"post","link":"https:\/\/www.lejournalduforkane.com\/index.php\/les-femmes-palestiniennes-ont-toujours-fait-partie-integrante-de-la-lutte-palestinienne-pour-la-liberte-et-la-liberation\/","title":{"rendered":"Les femmes palestiniennes ont toujours fait partie int\u00e9grante de la lutte palestinienne pour la libert\u00e9 et la lib\u00e9ration."},"content":{"rendered":"<p><!--more--><\/p>\n<p>Les femmes palestiniennes ont toujours fait partie int\u00e9grante de la lutte palestinienne pour la libert\u00e9 et la lib\u00e9ration.<\/p>\n<p>Elles ont toujours \u00e9t\u00e9 les partenaires des hommes dans la r\u00e9sistance et dans la lutte contre l&rsquo;occupation et la colonisation. Elles se battent toujours malgr\u00e9 la brutalit\u00e9 de l\u2019occupant !<\/p>\n<p><iframe loading=\"lazy\" width=\"620\" height=\"405\" src=\"\/\/rutube.ru\/play\/embed\/11120061\" frameborder=\"0\" webkitAllowFullScreen mozallowfullscreen allowfullscreen><\/iframe><\/p>\n","protected":false},"excerpt":{"rendered":"Les femmes palestiniennes ont toujours fait partie int\u00e9grante de la lutte palestinienne pour la libert\u00e9 et la lib\u00e9ration. Elles ont toujours \u00e9t\u00e9 les partenaires des hommes dans la r\u00e9sistance et","protected":false},"author":2,"featured_media":0,"comment_status":"closed","ping_status":"open","sticky":false,"template":"","format":"standard","meta":[],"categories":[49],"tags":[],"_links":{"self":[{"href":"https:\/\/www.lejournalduforkane.com\/index.php\/wp-json\/wp\/v2\/posts\/20207"}],"collection":[{"href":"https:\/\/www.lejournalduforkane.com\/index.php\/wp-json\/wp\/v2\/posts"}],"about":[{"href":"https:\/\/www.lejournalduforkane.com\/index.php\/wp-json\/wp\/v2\/types\/post"}],"author":[{"embeddable":true,"href":"https:\/\/www.lejournalduforkane.com\/index.php\/wp-json\/wp\/v2\/users\/2"}],"replies":[{"embeddable":true,"href":"https:\/\/www.lejournalduforkane.com\/index.php\/wp-json\/wp\/v2\/comments?post=20207"}],"version-history":[{"count":1,"href":"https:\/\/www.lejournalduforkane.com\/index.php\/wp-json\/wp\/v2\/posts\/20207\/revisions"}],"predecessor-version":[{"id":20209,"href":"https:\/\/www.lejournalduforkane.com\/index.php\/wp-json\/wp\/v2\/posts\/20207\/revisions\/20209"}],"wp:attachment":[{"href":"https:\/\/www.lejournalduforkane.com\/index.php\/wp-json\/wp\/v2\/media?parent=20207"}],"wp:term":[{"taxonomy":"category","embeddable":true,"href":"https:\/\/www.lejournalduforkane.com\/index.php\/wp-json\/wp\/v2\/categories?post=20207"},{"taxonomy":"post_tag","embeddable":true,"href":"https:\/\/www.lejournalduforkane.com\/index.php\/wp-json\/wp\/v2\/tags?post=20207"}],"curies":[{"name":"wp","href":"https:\/\/api.w.org\/{rel}","templated":true}]}}