
{"id":20215,"date":"2018-05-07T18:52:10","date_gmt":"2018-05-07T18:52:10","guid":{"rendered":"https:\/\/www.lejournalduforkane.com\/?p=20215"},"modified":"2018-05-07T18:52:10","modified_gmt":"2018-05-07T18:52:10","slug":"images-de-larmee-de-lair-irakienne-detruisant-un-centre-de-commandement-de-daesh-dans-le-village-de-dashishah-a-hasakah-en-syrie","status":"publish","type":"post","link":"https:\/\/www.lejournalduforkane.com\/index.php\/images-de-larmee-de-lair-irakienne-detruisant-un-centre-de-commandement-de-daesh-dans-le-village-de-dashishah-a-hasakah-en-syrie\/","title":{"rendered":"Images de l&rsquo;arm\u00e9e de l&rsquo;air irakienne d\u00e9truisant un centre de commandement de Daesh dans le village de Dashishah \u00e0 Hasakah, en Syrie"},"content":{"rendered":"<p><!--more-->Images de l&rsquo;arm\u00e9e de l&rsquo;air irakienne d\u00e9truisant un centre de commandement de Daesh dans le village de Dashishah \u00e0 Hasakah, en Syrie.<\/p>\n<p>Les renseignements irakiens ont estim\u00e9s que ceux qui \u00e9taient \u00e0 l&rsquo;int\u00e9rieur \u00e9taient une menace importante pour la s\u00e9curit\u00e9 nationale de l&rsquo;Irak<\/p>\n<p><iframe loading=\"lazy\" width=\"620\" height=\"405\" src=\"\/\/rutube.ru\/play\/embed\/11121919\" frameborder=\"0\" webkitAllowFullScreen mozallowfullscreen allowfullscreen><\/iframe><\/p>\n","protected":false},"excerpt":{"rendered":"Images de l'arm\u00e9e de l'air irakienne d\u00e9truisant un centre de commandement de Daesh dans le village de Dashishah \u00e0 Hasakah, en Syrie. Les renseignements irakiens ont estim\u00e9s que ceux qui","protected":false},"author":2,"featured_media":0,"comment_status":"closed","ping_status":"open","sticky":false,"template":"","format":"standard","meta":[],"categories":[49],"tags":[],"_links":{"self":[{"href":"https:\/\/www.lejournalduforkane.com\/index.php\/wp-json\/wp\/v2\/posts\/20215"}],"collection":[{"href":"https:\/\/www.lejournalduforkane.com\/index.php\/wp-json\/wp\/v2\/posts"}],"about":[{"href":"https:\/\/www.lejournalduforkane.com\/index.php\/wp-json\/wp\/v2\/types\/post"}],"author":[{"embeddable":true,"href":"https:\/\/www.lejournalduforkane.com\/index.php\/wp-json\/wp\/v2\/users\/2"}],"replies":[{"embeddable":true,"href":"https:\/\/www.lejournalduforkane.com\/index.php\/wp-json\/wp\/v2\/comments?post=20215"}],"version-history":[{"count":1,"href":"https:\/\/www.lejournalduforkane.com\/index.php\/wp-json\/wp\/v2\/posts\/20215\/revisions"}],"predecessor-version":[{"id":20217,"href":"https:\/\/www.lejournalduforkane.com\/index.php\/wp-json\/wp\/v2\/posts\/20215\/revisions\/20217"}],"wp:attachment":[{"href":"https:\/\/www.lejournalduforkane.com\/index.php\/wp-json\/wp\/v2\/media?parent=20215"}],"wp:term":[{"taxonomy":"category","embeddable":true,"href":"https:\/\/www.lejournalduforkane.com\/index.php\/wp-json\/wp\/v2\/categories?post=20215"},{"taxonomy":"post_tag","embeddable":true,"href":"https:\/\/www.lejournalduforkane.com\/index.php\/wp-json\/wp\/v2\/tags?post=20215"}],"curies":[{"name":"wp","href":"https:\/\/api.w.org\/{rel}","templated":true}]}}