
{"id":20218,"date":"2018-05-07T18:55:50","date_gmt":"2018-05-07T18:55:50","guid":{"rendered":"https:\/\/www.lejournalduforkane.com\/?p=20218"},"modified":"2018-05-07T18:55:50","modified_gmt":"2018-05-07T18:55:50","slug":"hassan-rohani-previent-les-usa-vous-regretterez-comme-jamais-de-quitter-laccord-nucleaire-iranien","status":"publish","type":"post","link":"https:\/\/www.lejournalduforkane.com\/index.php\/hassan-rohani-previent-les-usa-vous-regretterez-comme-jamais-de-quitter-laccord-nucleaire-iranien\/","title":{"rendered":"Hassan Rohani pr\u00e9vient les USA : \u00ab Vous regretterez comme jamais de quitter l&rsquo;accord nucl\u00e9aire iranien ! \u00bb"},"content":{"rendered":"<p><!--more--><\/p>\n<p>Le pr\u00e9sident iranien Hassan Rohani a averti que les \u00c9tats-Unis le regretteraient am\u00e8rement, s&rsquo;ils d\u00e9cidaient de sortir de l&rsquo;accord international sur le nucl\u00e9aire iranien de 2015, comme menace de le faire Donald Trump.<\/p>\n<p><iframe loading=\"lazy\" width=\"560\" height=\"315\" src=\"https:\/\/www.youtube.com\/embed\/Sq1NzzWKFsI\" frameborder=\"0\" allow=\"autoplay; encrypted-media\" allowfullscreen><\/iframe><\/p>\n","protected":false},"excerpt":{"rendered":"Le pr\u00e9sident iranien Hassan Rohani a averti que les \u00c9tats-Unis le regretteraient am\u00e8rement, s'ils d\u00e9cidaient de sortir de l'accord international sur le nucl\u00e9aire iranien de 2015, comme menace de le","protected":false},"author":2,"featured_media":0,"comment_status":"closed","ping_status":"open","sticky":false,"template":"","format":"standard","meta":[],"categories":[49],"tags":[],"_links":{"self":[{"href":"https:\/\/www.lejournalduforkane.com\/index.php\/wp-json\/wp\/v2\/posts\/20218"}],"collection":[{"href":"https:\/\/www.lejournalduforkane.com\/index.php\/wp-json\/wp\/v2\/posts"}],"about":[{"href":"https:\/\/www.lejournalduforkane.com\/index.php\/wp-json\/wp\/v2\/types\/post"}],"author":[{"embeddable":true,"href":"https:\/\/www.lejournalduforkane.com\/index.php\/wp-json\/wp\/v2\/users\/2"}],"replies":[{"embeddable":true,"href":"https:\/\/www.lejournalduforkane.com\/index.php\/wp-json\/wp\/v2\/comments?post=20218"}],"version-history":[{"count":1,"href":"https:\/\/www.lejournalduforkane.com\/index.php\/wp-json\/wp\/v2\/posts\/20218\/revisions"}],"predecessor-version":[{"id":20220,"href":"https:\/\/www.lejournalduforkane.com\/index.php\/wp-json\/wp\/v2\/posts\/20218\/revisions\/20220"}],"wp:attachment":[{"href":"https:\/\/www.lejournalduforkane.com\/index.php\/wp-json\/wp\/v2\/media?parent=20218"}],"wp:term":[{"taxonomy":"category","embeddable":true,"href":"https:\/\/www.lejournalduforkane.com\/index.php\/wp-json\/wp\/v2\/categories?post=20218"},{"taxonomy":"post_tag","embeddable":true,"href":"https:\/\/www.lejournalduforkane.com\/index.php\/wp-json\/wp\/v2\/tags?post=20218"}],"curies":[{"name":"wp","href":"https:\/\/api.w.org\/{rel}","templated":true}]}}