
{"id":20243,"date":"2018-05-10T06:11:49","date_gmt":"2018-05-10T06:11:49","guid":{"rendered":"https:\/\/www.lejournalduforkane.com\/?p=20243"},"modified":"2018-05-10T06:11:49","modified_gmt":"2018-05-10T06:11:49","slug":"la-defense-antiaerienne-syrienne-a-abattu-2-missiles-israeliens-qui-se-dirigeaient-a-kiswa-syrie-personne-ne-condamne-ces-tires-de-missiles-israeliens-pire-personne-nen-parle","status":"publish","type":"post","link":"https:\/\/www.lejournalduforkane.com\/index.php\/la-defense-antiaerienne-syrienne-a-abattu-2-missiles-israeliens-qui-se-dirigeaient-a-kiswa-syrie-personne-ne-condamne-ces-tires-de-missiles-israeliens-pire-personne-nen-parle\/","title":{"rendered":"La D\u00e9fense antia\u00e9rienne syrienne a abattu 2 missiles isra\u00e9liens qui se dirigeaient \u00e0 Kiswa (Syrie) Personne ne condamne ces tires de missiles isra\u00e9liens pire, personne n&rsquo;en parle !"},"content":{"rendered":"<p><!--more--><\/p>\n<p>La D\u00e9fense antia\u00e9rienne syrienne a abattu 2 missiles isra\u00e9liens qui se dirigeaient \u00e0 Kiswa (Syrie) Personne ne condamne ces tires de missiles isra\u00e9liens pire, personne n&rsquo;en parle !<\/p>\n<p><iframe loading=\"lazy\" src=\"https:\/\/www.youtube.com\/embed\/GZfevHn-BJg\" width=\"560\" height=\"315\" frameborder=\"0\" allowfullscreen=\"allowfullscreen\"><\/iframe><\/p>\n","protected":false},"excerpt":{"rendered":"La D\u00e9fense antia\u00e9rienne syrienne a abattu 2 missiles isra\u00e9liens qui se dirigeaient \u00e0 Kiswa (Syrie) Personne ne condamne ces tires de missiles isra\u00e9liens pire, personne n'en parle !","protected":false},"author":2,"featured_media":0,"comment_status":"closed","ping_status":"open","sticky":false,"template":"","format":"standard","meta":[],"categories":[49],"tags":[],"_links":{"self":[{"href":"https:\/\/www.lejournalduforkane.com\/index.php\/wp-json\/wp\/v2\/posts\/20243"}],"collection":[{"href":"https:\/\/www.lejournalduforkane.com\/index.php\/wp-json\/wp\/v2\/posts"}],"about":[{"href":"https:\/\/www.lejournalduforkane.com\/index.php\/wp-json\/wp\/v2\/types\/post"}],"author":[{"embeddable":true,"href":"https:\/\/www.lejournalduforkane.com\/index.php\/wp-json\/wp\/v2\/users\/2"}],"replies":[{"embeddable":true,"href":"https:\/\/www.lejournalduforkane.com\/index.php\/wp-json\/wp\/v2\/comments?post=20243"}],"version-history":[{"count":1,"href":"https:\/\/www.lejournalduforkane.com\/index.php\/wp-json\/wp\/v2\/posts\/20243\/revisions"}],"predecessor-version":[{"id":20245,"href":"https:\/\/www.lejournalduforkane.com\/index.php\/wp-json\/wp\/v2\/posts\/20243\/revisions\/20245"}],"wp:attachment":[{"href":"https:\/\/www.lejournalduforkane.com\/index.php\/wp-json\/wp\/v2\/media?parent=20243"}],"wp:term":[{"taxonomy":"category","embeddable":true,"href":"https:\/\/www.lejournalduforkane.com\/index.php\/wp-json\/wp\/v2\/categories?post=20243"},{"taxonomy":"post_tag","embeddable":true,"href":"https:\/\/www.lejournalduforkane.com\/index.php\/wp-json\/wp\/v2\/tags?post=20243"}],"curies":[{"name":"wp","href":"https:\/\/api.w.org\/{rel}","templated":true}]}}