
{"id":20249,"date":"2018-05-11T15:17:12","date_gmt":"2018-05-11T15:17:12","guid":{"rendered":"https:\/\/www.lejournalduforkane.com\/?p=20249"},"modified":"2018-05-11T15:17:12","modified_gmt":"2018-05-11T15:17:12","slug":"les-missiles-syriens-ont-touche-cette-nuit-les-positions-militaires-israeliennes","status":"publish","type":"post","link":"https:\/\/www.lejournalduforkane.com\/index.php\/les-missiles-syriens-ont-touche-cette-nuit-les-positions-militaires-israeliennes\/","title":{"rendered":"Les missiles Syriens ont touch\u00e9 cette nuit les positions militaires isra\u00e9liennes"},"content":{"rendered":"<p><!--more--><\/p>\n<p style=\"text-align: justify;\">Les missiles Syriens ont touch\u00e9 cette nuit les positions militaires isra\u00e9liennes dans les hauteurs du Golan occup\u00e9, \u00e0 la suite des tirs d&rsquo;artillerie isra\u00e9liens. Voici les premi\u00e8res images des forces syriennes qui ont lanc\u00e9 plus de 20 roquettes sur les positions isra\u00e9liennes.<\/p>\n<p><iframe loading=\"lazy\" src=\"\/\/rutube.ru\/play\/embed\/11129718\" width=\"620\" height=\"405\" frameborder=\"0\" allowfullscreen=\"allowfullscreen\"><\/iframe><\/p>\n","protected":false},"excerpt":{"rendered":"Les missiles Syriens ont touch\u00e9 cette nuit les positions militaires isra\u00e9liennes dans les hauteurs du Golan occup\u00e9, \u00e0 la suite des tirs d'artillerie isra\u00e9liens. Voici les premi\u00e8res images des forces","protected":false},"author":2,"featured_media":0,"comment_status":"closed","ping_status":"open","sticky":false,"template":"","format":"standard","meta":[],"categories":[49],"tags":[],"_links":{"self":[{"href":"https:\/\/www.lejournalduforkane.com\/index.php\/wp-json\/wp\/v2\/posts\/20249"}],"collection":[{"href":"https:\/\/www.lejournalduforkane.com\/index.php\/wp-json\/wp\/v2\/posts"}],"about":[{"href":"https:\/\/www.lejournalduforkane.com\/index.php\/wp-json\/wp\/v2\/types\/post"}],"author":[{"embeddable":true,"href":"https:\/\/www.lejournalduforkane.com\/index.php\/wp-json\/wp\/v2\/users\/2"}],"replies":[{"embeddable":true,"href":"https:\/\/www.lejournalduforkane.com\/index.php\/wp-json\/wp\/v2\/comments?post=20249"}],"version-history":[{"count":1,"href":"https:\/\/www.lejournalduforkane.com\/index.php\/wp-json\/wp\/v2\/posts\/20249\/revisions"}],"predecessor-version":[{"id":20251,"href":"https:\/\/www.lejournalduforkane.com\/index.php\/wp-json\/wp\/v2\/posts\/20249\/revisions\/20251"}],"wp:attachment":[{"href":"https:\/\/www.lejournalduforkane.com\/index.php\/wp-json\/wp\/v2\/media?parent=20249"}],"wp:term":[{"taxonomy":"category","embeddable":true,"href":"https:\/\/www.lejournalduforkane.com\/index.php\/wp-json\/wp\/v2\/categories?post=20249"},{"taxonomy":"post_tag","embeddable":true,"href":"https:\/\/www.lejournalduforkane.com\/index.php\/wp-json\/wp\/v2\/tags?post=20249"}],"curies":[{"name":"wp","href":"https:\/\/api.w.org\/{rel}","templated":true}]}}