
{"id":20268,"date":"2018-05-12T08:00:05","date_gmt":"2018-05-12T08:00:05","guid":{"rendered":"https:\/\/www.lejournalduforkane.com\/?p=20268"},"modified":"2018-05-13T08:01:59","modified_gmt":"2018-05-13T08:01:59","slug":"un-candidat-au-senat-americain-californie-vire-du-batiment-republicain-pour-avoir-refuse-de-servir-israel","status":"publish","type":"post","link":"https:\/\/www.lejournalduforkane.com\/index.php\/un-candidat-au-senat-americain-californie-vire-du-batiment-republicain-pour-avoir-refuse-de-servir-israel\/","title":{"rendered":"Un candidat au S\u00e9nat am\u00e9ricain (Californie) vir\u00e9 du b\u00e2timent r\u00e9publicain pour avoir refus\u00e9 de servir Isra\u00ebl"},"content":{"rendered":"<p><!--more--><br \/>\n<iframe loading=\"lazy\" width=\"620\" height=\"405\" src=\"\/\/rutube.ru\/play\/embed\/11132295\" frameborder=\"0\" webkitAllowFullScreen mozallowfullscreen allowfullscreen><\/iframe><\/p>\n","protected":false},"excerpt":{"rendered":"","protected":false},"author":2,"featured_media":0,"comment_status":"closed","ping_status":"open","sticky":false,"template":"","format":"standard","meta":[],"categories":[49],"tags":[],"_links":{"self":[{"href":"https:\/\/www.lejournalduforkane.com\/index.php\/wp-json\/wp\/v2\/posts\/20268"}],"collection":[{"href":"https:\/\/www.lejournalduforkane.com\/index.php\/wp-json\/wp\/v2\/posts"}],"about":[{"href":"https:\/\/www.lejournalduforkane.com\/index.php\/wp-json\/wp\/v2\/types\/post"}],"author":[{"embeddable":true,"href":"https:\/\/www.lejournalduforkane.com\/index.php\/wp-json\/wp\/v2\/users\/2"}],"replies":[{"embeddable":true,"href":"https:\/\/www.lejournalduforkane.com\/index.php\/wp-json\/wp\/v2\/comments?post=20268"}],"version-history":[{"count":1,"href":"https:\/\/www.lejournalduforkane.com\/index.php\/wp-json\/wp\/v2\/posts\/20268\/revisions"}],"predecessor-version":[{"id":20270,"href":"https:\/\/www.lejournalduforkane.com\/index.php\/wp-json\/wp\/v2\/posts\/20268\/revisions\/20270"}],"wp:attachment":[{"href":"https:\/\/www.lejournalduforkane.com\/index.php\/wp-json\/wp\/v2\/media?parent=20268"}],"wp:term":[{"taxonomy":"category","embeddable":true,"href":"https:\/\/www.lejournalduforkane.com\/index.php\/wp-json\/wp\/v2\/categories?post=20268"},{"taxonomy":"post_tag","embeddable":true,"href":"https:\/\/www.lejournalduforkane.com\/index.php\/wp-json\/wp\/v2\/tags?post=20268"}],"curies":[{"name":"wp","href":"https:\/\/api.w.org\/{rel}","templated":true}]}}