
{"id":20282,"date":"2018-05-13T08:27:26","date_gmt":"2018-05-13T08:27:26","guid":{"rendered":"https:\/\/www.lejournalduforkane.com\/?p=20282"},"modified":"2018-05-13T08:27:26","modified_gmt":"2018-05-13T08:27:26","slug":"israel-et-daesh-ont-coordonne-lattaque-sur-damas","status":"publish","type":"post","link":"https:\/\/www.lejournalduforkane.com\/index.php\/israel-et-daesh-ont-coordonne-lattaque-sur-damas\/","title":{"rendered":"Isra\u00ebl et Daesh ont coordonn\u00e9 l&rsquo;attaque sur Damas"},"content":{"rendered":"<p><!--more--><\/p>\n<p style=\"text-align: justify;\">Ils ont utilis\u00e9 un bus bourr\u00e9 d\u2019explosifs pour attaquer la capitale de Syrienne le m\u00eame jour de l&rsquo;attaque isra\u00e9lienne.<\/p>\n<p style=\"text-align: justify;\">Ali Dani et le Journal du Forkane ont \u00e9t\u00e9 les 1ers \u00e0 montrer la collusion entre sionisme et salafisme\u2026<\/p>\n<p style=\"text-align: justify;\">LA COLLUSION ENTRE SALAFISTES-WAHHABITES ET ISRA\u00cbL NE FAIT PLUS DE DOUTE. DERRI\u00c8RE CES BARBARES SALAFISTES IL Y A ISRA\u00cbL<\/p>\n<p><iframe loading=\"lazy\" src=\"\/\/rutube.ru\/play\/embed\/11132316\" width=\"620\" height=\"405\" frameborder=\"0\" allowfullscreen=\"allowfullscreen\"><\/iframe><\/p>\n","protected":false},"excerpt":{"rendered":"Ils ont utilis\u00e9 un bus bourr\u00e9 d\u2019explosifs pour attaquer la capitale de Syrienne le m\u00eame jour de l'attaque isra\u00e9lienne. Ali Dani et le Journal du Forkane ont \u00e9t\u00e9 les 1ers","protected":false},"author":2,"featured_media":0,"comment_status":"closed","ping_status":"open","sticky":false,"template":"","format":"standard","meta":[],"categories":[49],"tags":[],"_links":{"self":[{"href":"https:\/\/www.lejournalduforkane.com\/index.php\/wp-json\/wp\/v2\/posts\/20282"}],"collection":[{"href":"https:\/\/www.lejournalduforkane.com\/index.php\/wp-json\/wp\/v2\/posts"}],"about":[{"href":"https:\/\/www.lejournalduforkane.com\/index.php\/wp-json\/wp\/v2\/types\/post"}],"author":[{"embeddable":true,"href":"https:\/\/www.lejournalduforkane.com\/index.php\/wp-json\/wp\/v2\/users\/2"}],"replies":[{"embeddable":true,"href":"https:\/\/www.lejournalduforkane.com\/index.php\/wp-json\/wp\/v2\/comments?post=20282"}],"version-history":[{"count":1,"href":"https:\/\/www.lejournalduforkane.com\/index.php\/wp-json\/wp\/v2\/posts\/20282\/revisions"}],"predecessor-version":[{"id":20284,"href":"https:\/\/www.lejournalduforkane.com\/index.php\/wp-json\/wp\/v2\/posts\/20282\/revisions\/20284"}],"wp:attachment":[{"href":"https:\/\/www.lejournalduforkane.com\/index.php\/wp-json\/wp\/v2\/media?parent=20282"}],"wp:term":[{"taxonomy":"category","embeddable":true,"href":"https:\/\/www.lejournalduforkane.com\/index.php\/wp-json\/wp\/v2\/categories?post=20282"},{"taxonomy":"post_tag","embeddable":true,"href":"https:\/\/www.lejournalduforkane.com\/index.php\/wp-json\/wp\/v2\/tags?post=20282"}],"curies":[{"name":"wp","href":"https:\/\/api.w.org\/{rel}","templated":true}]}}