
{"id":20293,"date":"2018-05-13T08:42:07","date_gmt":"2018-05-13T08:42:07","guid":{"rendered":"https:\/\/www.lejournalduforkane.com\/?p=20293"},"modified":"2018-05-13T08:42:07","modified_gmt":"2018-05-13T08:42:07","slug":"malgre-son-handicap-amputation-des-2-jambes-saber-al-ashkar-age-de-29-ans-participe-aux-manifestations","status":"publish","type":"post","link":"https:\/\/www.lejournalduforkane.com\/index.php\/malgre-son-handicap-amputation-des-2-jambes-saber-al-ashkar-age-de-29-ans-participe-aux-manifestations\/","title":{"rendered":"Malgr\u00e9 son handicap (amputation des 2 jambes), Saber Al-Ashkar, \u00e2g\u00e9 de 29 ans, participe aux manifestations"},"content":{"rendered":"<p><!--more--><\/p>\n<p>Malgr\u00e9 son handicap (amputation des 2 jambes), Saber Al-Ashkar, \u00e2g\u00e9 de 29 ans, participe aux manifestations sur la fronti\u00e8re orientale de Gaza pour le droit de retourner dans leur patrie historique.<\/p>\n<p>Il n\u2019y a rien \u00e0 rajouter. Le courage dans toute sa splendeur !<\/p>\n<p><img loading=\"lazy\" class=\"alignnone size-medium wp-image-20294\" src=\"https:\/\/www.lejournalduforkane.com\/wp-content\/uploads\/2018\/05\/Saber-Al-Ashkar-\u00e2g\u00e9-de-29-ans-participe-aux-manifestations-sur-la-fronti\u00e8re-orientale5-300x200.jpg\" alt=\"Saber Al-Ashkar, \u00e2g\u00e9 de 29 ans, participe aux manifestations sur la fronti\u00e8re orientale5\" width=\"300\" height=\"200\" srcset=\"https:\/\/www.lejournalduforkane.com\/wp-content\/uploads\/2018\/05\/Saber-Al-Ashkar-\u00e2g\u00e9-de-29-ans-participe-aux-manifestations-sur-la-fronti\u00e8re-orientale5-300x200.jpg 300w, https:\/\/www.lejournalduforkane.com\/wp-content\/uploads\/2018\/05\/Saber-Al-Ashkar-\u00e2g\u00e9-de-29-ans-participe-aux-manifestations-sur-la-fronti\u00e8re-orientale5-768x512.jpg 768w, https:\/\/www.lejournalduforkane.com\/wp-content\/uploads\/2018\/05\/Saber-Al-Ashkar-\u00e2g\u00e9-de-29-ans-participe-aux-manifestations-sur-la-fronti\u00e8re-orientale5.jpg 960w\" sizes=\"(max-width: 300px) 100vw, 300px\" \/><\/p>\n<p><img loading=\"lazy\" class=\"alignnone size-medium wp-image-20295\" src=\"https:\/\/www.lejournalduforkane.com\/wp-content\/uploads\/2018\/05\/Saber-Al-Ashkar-\u00e2g\u00e9-de-29-ans-participe-aux-manifestations-sur-la-fronti\u00e8re-orientale4-300x200.jpg\" alt=\"Saber Al-Ashkar, \u00e2g\u00e9 de 29 ans, participe aux manifestations sur la fronti\u00e8re orientale4\" width=\"300\" height=\"200\" srcset=\"https:\/\/www.lejournalduforkane.com\/wp-content\/uploads\/2018\/05\/Saber-Al-Ashkar-\u00e2g\u00e9-de-29-ans-participe-aux-manifestations-sur-la-fronti\u00e8re-orientale4-300x200.jpg 300w, https:\/\/www.lejournalduforkane.com\/wp-content\/uploads\/2018\/05\/Saber-Al-Ashkar-\u00e2g\u00e9-de-29-ans-participe-aux-manifestations-sur-la-fronti\u00e8re-orientale4-768x512.jpg 768w, https:\/\/www.lejournalduforkane.com\/wp-content\/uploads\/2018\/05\/Saber-Al-Ashkar-\u00e2g\u00e9-de-29-ans-participe-aux-manifestations-sur-la-fronti\u00e8re-orientale4.jpg 960w\" sizes=\"(max-width: 300px) 100vw, 300px\" \/><\/p>\n<p><img loading=\"lazy\" class=\"alignnone size-medium wp-image-20296\" src=\"https:\/\/www.lejournalduforkane.com\/wp-content\/uploads\/2018\/05\/Saber-Al-Ashkar-\u00e2g\u00e9-de-29-ans-participe-aux-manifestations-sur-la-fronti\u00e8re-orientale3-300x200.jpg\" alt=\"Saber Al-Ashkar, \u00e2g\u00e9 de 29 ans, participe aux manifestations sur la fronti\u00e8re orientale3\" width=\"300\" height=\"200\" srcset=\"https:\/\/www.lejournalduforkane.com\/wp-content\/uploads\/2018\/05\/Saber-Al-Ashkar-\u00e2g\u00e9-de-29-ans-participe-aux-manifestations-sur-la-fronti\u00e8re-orientale3-300x200.jpg 300w, https:\/\/www.lejournalduforkane.com\/wp-content\/uploads\/2018\/05\/Saber-Al-Ashkar-\u00e2g\u00e9-de-29-ans-participe-aux-manifestations-sur-la-fronti\u00e8re-orientale3-768x512.jpg 768w, https:\/\/www.lejournalduforkane.com\/wp-content\/uploads\/2018\/05\/Saber-Al-Ashkar-\u00e2g\u00e9-de-29-ans-participe-aux-manifestations-sur-la-fronti\u00e8re-orientale3.jpg 960w\" sizes=\"(max-width: 300px) 100vw, 300px\" \/><\/p>\n<p><img loading=\"lazy\" class=\"alignnone size-medium wp-image-20297\" src=\"https:\/\/www.lejournalduforkane.com\/wp-content\/uploads\/2018\/05\/Saber-Al-Ashkar-\u00e2g\u00e9-de-29-ans-participe-aux-manifestations-sur-la-fronti\u00e8re-orientale2-300x200.jpg\" alt=\"Saber Al-Ashkar, \u00e2g\u00e9 de 29 ans, participe aux manifestations sur la fronti\u00e8re orientale2\" width=\"300\" height=\"200\" srcset=\"https:\/\/www.lejournalduforkane.com\/wp-content\/uploads\/2018\/05\/Saber-Al-Ashkar-\u00e2g\u00e9-de-29-ans-participe-aux-manifestations-sur-la-fronti\u00e8re-orientale2-300x200.jpg 300w, https:\/\/www.lejournalduforkane.com\/wp-content\/uploads\/2018\/05\/Saber-Al-Ashkar-\u00e2g\u00e9-de-29-ans-participe-aux-manifestations-sur-la-fronti\u00e8re-orientale2-768x512.jpg 768w, https:\/\/www.lejournalduforkane.com\/wp-content\/uploads\/2018\/05\/Saber-Al-Ashkar-\u00e2g\u00e9-de-29-ans-participe-aux-manifestations-sur-la-fronti\u00e8re-orientale2.jpg 960w\" sizes=\"(max-width: 300px) 100vw, 300px\" \/><\/p>\n<p><img loading=\"lazy\" class=\"alignnone size-medium wp-image-20298\" src=\"https:\/\/www.lejournalduforkane.com\/wp-content\/uploads\/2018\/05\/Saber-Al-Ashkar-\u00e2g\u00e9-de-29-ans-participe-aux-manifestations-sur-la-fronti\u00e8re-orientale1-300x200.jpg\" alt=\"Saber Al-Ashkar, \u00e2g\u00e9 de 29 ans, participe aux manifestations sur la fronti\u00e8re orientale1\" width=\"300\" height=\"200\" srcset=\"https:\/\/www.lejournalduforkane.com\/wp-content\/uploads\/2018\/05\/Saber-Al-Ashkar-\u00e2g\u00e9-de-29-ans-participe-aux-manifestations-sur-la-fronti\u00e8re-orientale1-300x200.jpg 300w, https:\/\/www.lejournalduforkane.com\/wp-content\/uploads\/2018\/05\/Saber-Al-Ashkar-\u00e2g\u00e9-de-29-ans-participe-aux-manifestations-sur-la-fronti\u00e8re-orientale1-768x512.jpg 768w, https:\/\/www.lejournalduforkane.com\/wp-content\/uploads\/2018\/05\/Saber-Al-Ashkar-\u00e2g\u00e9-de-29-ans-participe-aux-manifestations-sur-la-fronti\u00e8re-orientale1.jpg 960w\" sizes=\"(max-width: 300px) 100vw, 300px\" \/><\/p>\n","protected":false},"excerpt":{"rendered":"Malgr\u00e9 son handicap (amputation des 2 jambes), Saber Al-Ashkar, \u00e2g\u00e9 de 29 ans, participe aux manifestations sur la fronti\u00e8re orientale de Gaza pour le droit de retourner dans leur patrie","protected":false},"author":2,"featured_media":0,"comment_status":"closed","ping_status":"open","sticky":false,"template":"","format":"standard","meta":[],"categories":[49],"tags":[],"_links":{"self":[{"href":"https:\/\/www.lejournalduforkane.com\/index.php\/wp-json\/wp\/v2\/posts\/20293"}],"collection":[{"href":"https:\/\/www.lejournalduforkane.com\/index.php\/wp-json\/wp\/v2\/posts"}],"about":[{"href":"https:\/\/www.lejournalduforkane.com\/index.php\/wp-json\/wp\/v2\/types\/post"}],"author":[{"embeddable":true,"href":"https:\/\/www.lejournalduforkane.com\/index.php\/wp-json\/wp\/v2\/users\/2"}],"replies":[{"embeddable":true,"href":"https:\/\/www.lejournalduforkane.com\/index.php\/wp-json\/wp\/v2\/comments?post=20293"}],"version-history":[{"count":1,"href":"https:\/\/www.lejournalduforkane.com\/index.php\/wp-json\/wp\/v2\/posts\/20293\/revisions"}],"predecessor-version":[{"id":20299,"href":"https:\/\/www.lejournalduforkane.com\/index.php\/wp-json\/wp\/v2\/posts\/20293\/revisions\/20299"}],"wp:attachment":[{"href":"https:\/\/www.lejournalduforkane.com\/index.php\/wp-json\/wp\/v2\/media?parent=20293"}],"wp:term":[{"taxonomy":"category","embeddable":true,"href":"https:\/\/www.lejournalduforkane.com\/index.php\/wp-json\/wp\/v2\/categories?post=20293"},{"taxonomy":"post_tag","embeddable":true,"href":"https:\/\/www.lejournalduforkane.com\/index.php\/wp-json\/wp\/v2\/tags?post=20293"}],"curies":[{"name":"wp","href":"https:\/\/api.w.org\/{rel}","templated":true}]}}