
{"id":20300,"date":"2018-05-13T18:38:32","date_gmt":"2018-05-13T18:38:32","guid":{"rendered":"https:\/\/www.lejournalduforkane.com\/?p=20300"},"modified":"2018-05-13T18:38:32","modified_gmt":"2018-05-13T18:38:32","slug":"en-video-des-centaines-de-colons-profanent-et-souillent-la-mosquee-al-aqsa-dans-la-ville-sainte-dqods","status":"publish","type":"post","link":"https:\/\/www.lejournalduforkane.com\/index.php\/en-video-des-centaines-de-colons-profanent-et-souillent-la-mosquee-al-aqsa-dans-la-ville-sainte-dqods\/","title":{"rendered":"En vid\u00e9o : Des centaines de colons profanent et souillent la mosqu\u00e9e Al-Aqsa dans la ville sainte d&rsquo;Qods"},"content":{"rendered":"<p><!--more--><\/p>\n<p style=\"text-align: justify;\">Rappelons que ces derni\u00e8res ann\u00e9es, des dizaines de milliers d\u2019isra\u00e9liens ont profan\u00e9 la Mosqu\u00e9e al-Aqsa, dans l\u2019indiff\u00e9rence g\u00e9n\u00e9rale.<\/p>\n<p style=\"text-align: justify;\">Ils cherchent \u00e0 d\u00e9truire ce lieu sacr\u00e9 pour les Musulmans afin d\u2019y construire le 3\u00e8me\u00a0 temple et ont entrepris de puis plusieurs d\u00e9cennies une juda\u00efsation de la ville d\u2019al-Qods (J\u00e9rusalem) en chassant les Palestiniens de leur maison. Les destructions des mosqu\u00e9es de Cisjordanie se multiplient.<\/p>\n<p><iframe loading=\"lazy\" src=\"\/\/rutube.ru\/play\/embed\/11133331\" width=\"620\" height=\"405\" frameborder=\"0\" allowfullscreen=\"allowfullscreen\"><\/iframe><\/p>\n","protected":false},"excerpt":{"rendered":"Rappelons que ces derni\u00e8res ann\u00e9es, des dizaines de milliers d\u2019isra\u00e9liens ont profan\u00e9 la Mosqu\u00e9e al-Aqsa, dans l\u2019indiff\u00e9rence g\u00e9n\u00e9rale. Ils cherchent \u00e0 d\u00e9truire ce lieu sacr\u00e9 pour les Musulmans afin d\u2019y","protected":false},"author":2,"featured_media":0,"comment_status":"closed","ping_status":"open","sticky":false,"template":"","format":"standard","meta":[],"categories":[49],"tags":[],"_links":{"self":[{"href":"https:\/\/www.lejournalduforkane.com\/index.php\/wp-json\/wp\/v2\/posts\/20300"}],"collection":[{"href":"https:\/\/www.lejournalduforkane.com\/index.php\/wp-json\/wp\/v2\/posts"}],"about":[{"href":"https:\/\/www.lejournalduforkane.com\/index.php\/wp-json\/wp\/v2\/types\/post"}],"author":[{"embeddable":true,"href":"https:\/\/www.lejournalduforkane.com\/index.php\/wp-json\/wp\/v2\/users\/2"}],"replies":[{"embeddable":true,"href":"https:\/\/www.lejournalduforkane.com\/index.php\/wp-json\/wp\/v2\/comments?post=20300"}],"version-history":[{"count":1,"href":"https:\/\/www.lejournalduforkane.com\/index.php\/wp-json\/wp\/v2\/posts\/20300\/revisions"}],"predecessor-version":[{"id":20302,"href":"https:\/\/www.lejournalduforkane.com\/index.php\/wp-json\/wp\/v2\/posts\/20300\/revisions\/20302"}],"wp:attachment":[{"href":"https:\/\/www.lejournalduforkane.com\/index.php\/wp-json\/wp\/v2\/media?parent=20300"}],"wp:term":[{"taxonomy":"category","embeddable":true,"href":"https:\/\/www.lejournalduforkane.com\/index.php\/wp-json\/wp\/v2\/categories?post=20300"},{"taxonomy":"post_tag","embeddable":true,"href":"https:\/\/www.lejournalduforkane.com\/index.php\/wp-json\/wp\/v2\/tags?post=20300"}],"curies":[{"name":"wp","href":"https:\/\/api.w.org\/{rel}","templated":true}]}}