
{"id":20303,"date":"2018-05-14T15:48:44","date_gmt":"2018-05-14T15:48:44","guid":{"rendered":"https:\/\/www.lejournalduforkane.com\/?p=20303"},"modified":"2018-05-14T15:48:44","modified_gmt":"2018-05-14T15:48:44","slug":"nous-soutenons-la-palestine-cest-la-palestine-occupee-pas-israel","status":"publish","type":"post","link":"https:\/\/www.lejournalduforkane.com\/index.php\/nous-soutenons-la-palestine-cest-la-palestine-occupee-pas-israel\/","title":{"rendered":"\u00ab\u00a0Nous soutenons la Palestine. C&rsquo;est la Palestine occup\u00e9e, pas Isra\u00ebl.\u00a0\u00bb"},"content":{"rendered":"<p><!--more-->\u00ab\u00a0Nous soutenons la Palestine. C&rsquo;est la Palestine occup\u00e9e, pas Isra\u00ebl.\u00a0\u00bb<\/p>\n<p>Un am\u00e9ricain se prom\u00e8ne dans les rues de J\u00e9rusalem avec une \u00e9charpe palestinienne et montre sa solidarit\u00e9 avec les palestiniens !<\/p>\n<p><iframe loading=\"lazy\" width=\"620\" height=\"405\" src=\"\/\/rutube.ru\/play\/embed\/11134920\" frameborder=\"0\" webkitAllowFullScreen mozallowfullscreen allowfullscreen><\/iframe><\/p>\n","protected":false},"excerpt":{"rendered":"\"Nous soutenons la Palestine. C'est la Palestine occup\u00e9e, pas Isra\u00ebl.\" Un am\u00e9ricain se prom\u00e8ne dans les rues de J\u00e9rusalem avec une \u00e9charpe palestinienne et montre sa solidarit\u00e9 avec les palestiniens","protected":false},"author":2,"featured_media":0,"comment_status":"closed","ping_status":"open","sticky":false,"template":"","format":"standard","meta":[],"categories":[49],"tags":[],"_links":{"self":[{"href":"https:\/\/www.lejournalduforkane.com\/index.php\/wp-json\/wp\/v2\/posts\/20303"}],"collection":[{"href":"https:\/\/www.lejournalduforkane.com\/index.php\/wp-json\/wp\/v2\/posts"}],"about":[{"href":"https:\/\/www.lejournalduforkane.com\/index.php\/wp-json\/wp\/v2\/types\/post"}],"author":[{"embeddable":true,"href":"https:\/\/www.lejournalduforkane.com\/index.php\/wp-json\/wp\/v2\/users\/2"}],"replies":[{"embeddable":true,"href":"https:\/\/www.lejournalduforkane.com\/index.php\/wp-json\/wp\/v2\/comments?post=20303"}],"version-history":[{"count":1,"href":"https:\/\/www.lejournalduforkane.com\/index.php\/wp-json\/wp\/v2\/posts\/20303\/revisions"}],"predecessor-version":[{"id":20305,"href":"https:\/\/www.lejournalduforkane.com\/index.php\/wp-json\/wp\/v2\/posts\/20303\/revisions\/20305"}],"wp:attachment":[{"href":"https:\/\/www.lejournalduforkane.com\/index.php\/wp-json\/wp\/v2\/media?parent=20303"}],"wp:term":[{"taxonomy":"category","embeddable":true,"href":"https:\/\/www.lejournalduforkane.com\/index.php\/wp-json\/wp\/v2\/categories?post=20303"},{"taxonomy":"post_tag","embeddable":true,"href":"https:\/\/www.lejournalduforkane.com\/index.php\/wp-json\/wp\/v2\/tags?post=20303"}],"curies":[{"name":"wp","href":"https:\/\/api.w.org\/{rel}","templated":true}]}}