
{"id":20306,"date":"2018-05-14T15:51:50","date_gmt":"2018-05-14T15:51:50","guid":{"rendered":"https:\/\/www.lejournalduforkane.com\/?p=20306"},"modified":"2018-05-14T15:51:50","modified_gmt":"2018-05-14T15:51:50","slug":"regarder-les-forces-doccupation-attaquent-les-femmes-palestiniennes-a-lentree-de-la-mosquee-al-aqsa-lors-de-linvasion-de-2000-colons-israeliens","status":"publish","type":"post","link":"https:\/\/www.lejournalduforkane.com\/index.php\/regarder-les-forces-doccupation-attaquent-les-femmes-palestiniennes-a-lentree-de-la-mosquee-al-aqsa-lors-de-linvasion-de-2000-colons-israeliens\/","title":{"rendered":"Regarder les forces d&rsquo;occupation attaquent les femmes palestiniennes \u00e0 l&rsquo;entr\u00e9e de la mosqu\u00e9e Al Aqsa lors de l&rsquo;invasion de 2000 colons isra\u00e9liens"},"content":{"rendered":"<p><!--more--><\/p>\n<p>Regarder les forces d&rsquo;occupation attaquent les femmes palestiniennes \u00e0 l&rsquo;entr\u00e9e de la mosqu\u00e9e Al Aqsa lors de l&rsquo;invasion de 2000 colons isra\u00e9liens.<\/p>\n<p>Les dirigeants arabes sont indiff\u00e9rents et  le prince h\u00e9ritier Saoudien Mohammed Ben Salman dit que les palestiniens devraient accepter cette situation ou qu\u2019ils se taisent !<\/p>\n<p>Quelle honte !<\/p>\n<p><iframe loading=\"lazy\" width=\"620\" height=\"405\" src=\"\/\/rutube.ru\/play\/embed\/11134924\" frameborder=\"0\" webkitAllowFullScreen mozallowfullscreen allowfullscreen><\/iframe><\/p>\n","protected":false},"excerpt":{"rendered":"Regarder les forces d'occupation attaquent les femmes palestiniennes \u00e0 l'entr\u00e9e de la mosqu\u00e9e Al Aqsa lors de l'invasion de 2000 colons isra\u00e9liens. Les dirigeants arabes sont indiff\u00e9rents et le prince","protected":false},"author":2,"featured_media":0,"comment_status":"closed","ping_status":"open","sticky":false,"template":"","format":"standard","meta":[],"categories":[49],"tags":[],"_links":{"self":[{"href":"https:\/\/www.lejournalduforkane.com\/index.php\/wp-json\/wp\/v2\/posts\/20306"}],"collection":[{"href":"https:\/\/www.lejournalduforkane.com\/index.php\/wp-json\/wp\/v2\/posts"}],"about":[{"href":"https:\/\/www.lejournalduforkane.com\/index.php\/wp-json\/wp\/v2\/types\/post"}],"author":[{"embeddable":true,"href":"https:\/\/www.lejournalduforkane.com\/index.php\/wp-json\/wp\/v2\/users\/2"}],"replies":[{"embeddable":true,"href":"https:\/\/www.lejournalduforkane.com\/index.php\/wp-json\/wp\/v2\/comments?post=20306"}],"version-history":[{"count":1,"href":"https:\/\/www.lejournalduforkane.com\/index.php\/wp-json\/wp\/v2\/posts\/20306\/revisions"}],"predecessor-version":[{"id":20308,"href":"https:\/\/www.lejournalduforkane.com\/index.php\/wp-json\/wp\/v2\/posts\/20306\/revisions\/20308"}],"wp:attachment":[{"href":"https:\/\/www.lejournalduforkane.com\/index.php\/wp-json\/wp\/v2\/media?parent=20306"}],"wp:term":[{"taxonomy":"category","embeddable":true,"href":"https:\/\/www.lejournalduforkane.com\/index.php\/wp-json\/wp\/v2\/categories?post=20306"},{"taxonomy":"post_tag","embeddable":true,"href":"https:\/\/www.lejournalduforkane.com\/index.php\/wp-json\/wp\/v2\/tags?post=20306"}],"curies":[{"name":"wp","href":"https:\/\/api.w.org\/{rel}","templated":true}]}}